{"id":18180,"date":"2019-06-19T23:25:04","date_gmt":"2019-06-19T21:25:04","guid":{"rendered":"http:\/\/amerona.synology.me\/amerona\/2019\/06\/semester-2019\/"},"modified":"2019-06-19T23:25:04","modified_gmt":"2019-06-19T21:25:04","slug":"semester-2019","status":"publish","type":"post","link":"https:\/\/blogg.synology.me\/amerona\/2019\/06\/semester-2019\/","title":{"rendered":"Semester 2019"},"content":{"rendered":"<p>.<\/p>\n<h3>Onsdag<\/h3>\n<p>S\u00e5 var det d\u00e5 \u00e4ntligen dags f\u00f6r \u00e5rets semestersegling. Av olika sk\u00e4l s\u00e5 blir den lite kortare i \u00e5r. P\u00e5 tv\u00e5 och en halv vecka skall vi f\u00f6rs\u00f6ka ta oss genom Stockholms sk\u00e4rg\u00e5rd och till \u00c5land. Och till baks f\u00f6rst\u00e5s.<\/p>\n<p>Vi startar i dag vid 18:30 fr\u00e5n Kvarnviken. Det \u00e4r enda tiden som det \u00e4r n\u00e5gon id\u00e9 att ge sig i v\u00e4g pga stopptider p\u00e5 broarna. Med denna starttiden brukar man vara i Vaxholm till kl. 23.  S\u00e5 vart det \u00e4ven i dag. Men det blir alltid ca 40 min v\u00e4ntan vid Liljeholmsbron.<\/p>\n<p>Inte s\u00e5 m\u00e5nga b\u00e5tar som gav sig ut i dag trots stundande midsommar. Men de kommer v\u00e4l i morgon och p\u00e5 fredag.<\/p>\n<p>Natthamn blir i svajviken vid Ten\u00f6-varvet.<\/p>\n","protected":false},"excerpt":{"rendered":"<p>. Onsdag S\u00e5 var det d\u00e5 \u00e4ntligen dags f\u00f6r \u00e5rets semestersegling. Av olika sk\u00e4l s\u00e5 blir den lite kortare i \u00e5r. P\u00e5 tv\u00e5 och en halv vecka skall vi f\u00f6rs\u00f6ka ta oss genom Stockholms sk\u00e4rg\u00e5rd och till \u00c5land. Och till baks f\u00f6rst\u00e5s. Vi startar i dag vid 18:30 fr\u00e5n Kvarnviken. Det \u00e4r enda tiden som det \u00e4r n\u00e5gon id\u00e9 att ge sig i v\u00e4g pga stopptider p\u00e5 broarna. Med denna starttiden brukar man vara i Vaxholm till kl. 23. S\u00e5 vart det \u00e4ven i dag. Men det blir alltid ca 40 min v\u00e4ntan vid Liljeholmsbron. Inte s\u00e5 m\u00e5nga b\u00e5tar som <a class=\"more-link\" href=\"https:\/\/blogg.synology.me\/amerona\/2019\/06\/semester-2019\/\">Forts\u00e4tt l\u00e4sa <span class=\"screen-reader-text\">  Semester 2019<\/span><span class=\"meta-nav\">&rarr;<\/span><\/a><\/p>\n","protected":false},"author":1,"featured_media":0,"comment_status":"open","ping_status":"open","sticky":false,"template":"","format":"standard","meta":{"_jetpack_memberships_contains_paid_content":false,"footnotes":""},"categories":[9],"tags":[],"class_list":["post-18180","post","type-post","status-publish","format-standard","hentry","category-9"],"jetpack_featured_media_url":"","jetpack_sharing_enabled":true,"_links":{"self":[{"href":"https:\/\/blogg.synology.me\/amerona\/wp-json\/wp\/v2\/posts\/18180","targetHints":{"allow":["GET"]}}],"collection":[{"href":"https:\/\/blogg.synology.me\/amerona\/wp-json\/wp\/v2\/posts"}],"about":[{"href":"https:\/\/blogg.synology.me\/amerona\/wp-json\/wp\/v2\/types\/post"}],"author":[{"embeddable":true,"href":"https:\/\/blogg.synology.me\/amerona\/wp-json\/wp\/v2\/users\/1"}],"replies":[{"embeddable":true,"href":"https:\/\/blogg.synology.me\/amerona\/wp-json\/wp\/v2\/comments?post=18180"}],"version-history":[{"count":0,"href":"https:\/\/blogg.synology.me\/amerona\/wp-json\/wp\/v2\/posts\/18180\/revisions"}],"wp:attachment":[{"href":"https:\/\/blogg.synology.me\/amerona\/wp-json\/wp\/v2\/media?parent=18180"}],"wp:term":[{"taxonomy":"category","embeddable":true,"href":"https:\/\/blogg.synology.me\/amerona\/wp-json\/wp\/v2\/categories?post=18180"},{"taxonomy":"post_tag","embeddable":true,"href":"https:\/\/blogg.synology.me\/amerona\/wp-json\/wp\/v2\/tags?post=18180"}],"curies":[{"name":"wp","href":"https:\/\/api.w.org\/{rel}","templated":true}]}}