{"id":18363,"date":"2019-07-05T23:35:28","date_gmt":"2019-07-05T21:35:28","guid":{"rendered":"http:\/\/amerona.synology.me\/amerona\/?p=18363"},"modified":"2019-07-05T23:35:28","modified_gmt":"2019-07-05T21:35:28","slug":"blasigt-pa-bjorken","status":"publish","type":"post","link":"https:\/\/blogg.synology.me\/amerona\/2019\/07\/blasigt-pa-bjorken\/","title":{"rendered":"Bl\u00e5sigt p\u00e5 &#8221;Bj\u00f6rken&#8221;"},"content":{"rendered":"<h3>.<br \/>\nfredag<\/h3>\n<p>Vi startar fr\u00e5n Brandalssund d\u00e4r vi svajankrat under natten vid nio tiden. D\u00e5 kommer vi att vara vid S\u00f6dert\u00e4lje sluss till 10:15<\/p>\n<p>Slussning 10:30 och bro\u00f6ppning 11:00. Allt fl\u00f6t enligt schemat i dag. Vi var oroliga f\u00f6r ett stort lastfartyg som vi s\u00e5g p\u00e5 AIS;en. De har naturligtvis f\u00f6retr\u00e4de i slussen och d\u00e5 rubbas alla tider f\u00f6r fritidsb\u00e5tar eller blir helt inst\u00e4llda. Vi \u00e4r tre b\u00e5tar som g\u00e5r norrut upp i M\u00e4laren. Vi planerar att hissa p\u00e5 vid Viksberg. Vinden \u00e4r 6-10m\/s s\u00e5 vi tar tv\u00e5 rev.<\/p>\n<p>Strax kommer regn och vinden \u00e4r pl\u00f6tsligt 14m\/s. Vi k\u00e4mpar p\u00e5 upp mot Bj\u00f6rk\u00f6 och f\u00e5r lite l\u00e4. Vinden g\u00e5r ner lite efter regnskuren men \u00f6kar snart igen till 14. Vi f\u00f6rs\u00f6ker rulla in lite p\u00e5 focken men det blir inget bra.<\/p>\n<p>Vi v\u00e4nder ner bakom en liten \u00f6 p\u00e5 Bj\u00f6rk\u00f6s ostsida och tar ner seglen. Sedan g\u00e5r vi f\u00f6r motor upp genom Svinsundet. Naturligtvis f\u00e5r vi v\u00e4ja f\u00f6r f\u00e4rjan. Den kommer alltid d\u00e5 vi skall passera. Upp mot Norra delen av svinsundet bygger v\u00e5gorna p\u00e5 och vi har vinden rakt i nosen och det \u00e4r stundtals 14-15 m\/s.<\/p>\n<p>N\u00e4r vi kommer upp till Norra udden p\u00e5 Muns\u00f6 s\u00e5 kan vi \u00e4ntligen falla av ner s\u00f6der om Flisorna och sedan \u00e4r det ren transportstr\u00e4cka in genom Vr\u00e5kasundet och vidare till det som vi kallar &#8221;Prickviken&#8221; d\u00e4r vi svajankrar. Naturligtvis kommer det en rej\u00e4l regnskur just d\u00e5 vi skall ankra.<\/p>\n<p><iframe loading=\"lazy\" title=\"N. Bj\u00f6rken\" width=\"530\" height=\"298\" src=\"https:\/\/www.youtube.com\/embed\/Gk8OpdMN5QI?feature=oembed\" frameborder=\"0\" allow=\"accelerometer; autoplay; clipboard-write; encrypted-media; gyroscope; picture-in-picture; web-share\" referrerpolicy=\"strict-origin-when-cross-origin\" allowfullscreen><\/iframe><\/p>\n<p>&nbsp;<\/p>\n","protected":false},"excerpt":{"rendered":"<p>. fredag Vi startar fr\u00e5n Brandalssund d\u00e4r vi svajankrat under natten vid nio tiden. D\u00e5 kommer vi att vara vid S\u00f6dert\u00e4lje sluss till 10:15 Slussning 10:30 och bro\u00f6ppning 11:00. Allt fl\u00f6t enligt schemat i dag. Vi var oroliga f\u00f6r ett stort lastfartyg som vi s\u00e5g p\u00e5 AIS;en. De har naturligtvis f\u00f6retr\u00e4de i slussen och d\u00e5 rubbas alla tider f\u00f6r fritidsb\u00e5tar eller blir helt inst\u00e4llda. Vi \u00e4r tre b\u00e5tar som g\u00e5r norrut upp i M\u00e4laren. Vi planerar att hissa p\u00e5 vid Viksberg. Vinden \u00e4r 6-10m\/s s\u00e5 vi tar tv\u00e5 rev. Strax kommer regn och vinden \u00e4r pl\u00f6tsligt 14m\/s. Vi k\u00e4mpar p\u00e5 <a class=\"more-link\" href=\"https:\/\/blogg.synology.me\/amerona\/2019\/07\/blasigt-pa-bjorken\/\">Forts\u00e4tt l\u00e4sa <span class=\"screen-reader-text\">  Bl\u00e5sigt p\u00e5 &#8221;Bj\u00f6rken&#8221;<\/span><span class=\"meta-nav\">&rarr;<\/span><\/a><\/p>\n","protected":false},"author":1,"featured_media":0,"comment_status":"open","ping_status":"open","sticky":false,"template":"","format":"standard","meta":{"_jetpack_memberships_contains_paid_content":false,"footnotes":""},"categories":[9],"tags":[],"class_list":["post-18363","post","type-post","status-publish","format-standard","hentry","category-9"],"jetpack_featured_media_url":"","jetpack_sharing_enabled":true,"_links":{"self":[{"href":"https:\/\/blogg.synology.me\/amerona\/wp-json\/wp\/v2\/posts\/18363","targetHints":{"allow":["GET"]}}],"collection":[{"href":"https:\/\/blogg.synology.me\/amerona\/wp-json\/wp\/v2\/posts"}],"about":[{"href":"https:\/\/blogg.synology.me\/amerona\/wp-json\/wp\/v2\/types\/post"}],"author":[{"embeddable":true,"href":"https:\/\/blogg.synology.me\/amerona\/wp-json\/wp\/v2\/users\/1"}],"replies":[{"embeddable":true,"href":"https:\/\/blogg.synology.me\/amerona\/wp-json\/wp\/v2\/comments?post=18363"}],"version-history":[{"count":2,"href":"https:\/\/blogg.synology.me\/amerona\/wp-json\/wp\/v2\/posts\/18363\/revisions"}],"predecessor-version":[{"id":18365,"href":"https:\/\/blogg.synology.me\/amerona\/wp-json\/wp\/v2\/posts\/18363\/revisions\/18365"}],"wp:attachment":[{"href":"https:\/\/blogg.synology.me\/amerona\/wp-json\/wp\/v2\/media?parent=18363"}],"wp:term":[{"taxonomy":"category","embeddable":true,"href":"https:\/\/blogg.synology.me\/amerona\/wp-json\/wp\/v2\/categories?post=18363"},{"taxonomy":"post_tag","embeddable":true,"href":"https:\/\/blogg.synology.me\/amerona\/wp-json\/wp\/v2\/tags?post=18363"}],"curies":[{"name":"wp","href":"https:\/\/api.w.org\/{rel}","templated":true}]}}