{"id":19145,"date":"2020-06-21T21:21:06","date_gmt":"2020-06-21T19:21:06","guid":{"rendered":"http:\/\/amerona.synology.me\/amerona\/?p=19145"},"modified":"2020-06-28T21:26:59","modified_gmt":"2020-06-28T19:26:59","slug":"amerona-i-skargarden-dag-4-7-midsommar","status":"publish","type":"post","link":"https:\/\/blogg.synology.me\/amerona\/2020\/06\/amerona-i-skargarden-dag-4-7-midsommar\/","title":{"rendered":"Amerona i sk\u00e4rg\u00e5rden &#8211; dag 4-7 Midsommar"},"content":{"rendered":"<h3>.<br \/>\ntorsdag<\/h3>\n<p>Vi avseglar fr\u00e5n Sm\u00e5\u00e4ngsviken vid 15-tiden och seglar en timme. Sedan d\u00f6r vinden ut och vi tar till motorn. Vi har en plan att hitta n\u00e5gon bra natthamn \u00f6ster om N\u00e4md\u00f6. Vi hittar efter n\u00e5gra f\u00f6rs\u00f6k ett eget berg p\u00e5 B\u00f6teskobben. Inte en b\u00e5t i sikte. &#8221;\u00c4r det m\u00f6jligt en midsommarhelg i Stockholms Sk\u00e4rg\u00e5rd&#8221;? Tydligen!<br \/>\n<a href=\"http:\/\/blogg.synology.me\/amerona\/wp-content\/uploads\/E3AADB06-999F-474D-80A1-3AA64E7BF81D-e1593370078929.jpeg\"><img loading=\"lazy\" decoding=\"async\" class=\"alignnone wp-image-19147 size-full\" src=\"http:\/\/blogg.synology.me\/amerona\/wp-content\/uploads\/E3AADB06-999F-474D-80A1-3AA64E7BF81D-e1593370166115.jpeg\" alt=\"\" width=\"876\" height=\"888\" srcset=\"https:\/\/blogg.synology.me\/amerona\/wp-content\/uploads\/E3AADB06-999F-474D-80A1-3AA64E7BF81D-e1593370166115.jpeg 876w, https:\/\/blogg.synology.me\/amerona\/wp-content\/uploads\/E3AADB06-999F-474D-80A1-3AA64E7BF81D-e1593370166115-592x600.jpeg 592w, https:\/\/blogg.synology.me\/amerona\/wp-content\/uploads\/E3AADB06-999F-474D-80A1-3AA64E7BF81D-e1593370166115-768x779.jpeg 768w\" sizes=\"auto, (max-width: 876px) 100vw, 876px\" \/><\/a><\/p>\n<p>&nbsp;<\/p>\n<hr \/>\n<p>&nbsp;<\/p>\n<h3>fredag &#8211; Midsommarafton<\/h3>\n<p>Vi inviger v\u00e5rt nya solskydd som k\u00e4nns helt r\u00e4tt d\u00e5 solen str\u00e5lar fr\u00e5n klarbl\u00e5 himmel. Medan Ewa F\u00f6rbereder midsommar lunchen passar jag p\u00e5 att byta <a href=\"http:\/\/blogg.synology.me\/amerona\/2020\/06\/ny-startknapp\/\" target=\"_blank\" rel=\"noopener\">startknapp<\/a> som kr\u00e5nglat l\u00e4nge.<\/p>\n<p>Sedan \u00e4ter vi traditionell Midsommar mat<br \/>\n<a href=\"http:\/\/blogg.synology.me\/amerona\/wp-content\/uploads\/FE16DE5C-8D9E-4BD9-BB4D-961EE0EF1EF0-e1593370354891.jpeg\"><img loading=\"lazy\" decoding=\"async\" class=\"alignnone size-full wp-image-19148\" src=\"http:\/\/blogg.synology.me\/amerona\/wp-content\/uploads\/FE16DE5C-8D9E-4BD9-BB4D-961EE0EF1EF0-e1593370354891.jpeg\" alt=\"\" width=\"900\" height=\"1200\" \/><\/a><\/p>\n<p>N\u00e5gon enstaka b\u00e5t kommer f\u00f6rbi i sitt s\u00f6kande efter en egen klippa. Senare badar vi trots endast 16\u00ba.<\/p>\n<p>Till eftermiddagen blir det jordgubbst\u00e5rta och bubbel.<\/p>\n<hr \/>\n<p>&nbsp;<\/p>\n<h3>l\u00f6rdag<\/h3>\n<p>Vi l\u00e4ngtar efter en l\u00e5ng-promenad efter mycket stillasittande. Vinden \u00e4r i dag frisk no och vi kan f\u00e5 sl\u00f6r ner till Orn\u00f6. Vi har aldrig varit inne i viken vid Orn\u00f6 kyrka s\u00e5 dit s\u00e4tter vi kursen.<\/p>\n<p>Vi hittar en plats l\u00e4ngs in p\u00e5 bryggan i l\u00e4. Vi kollar i olika appar hur vi kan ta en promenad och vi hittar en runda som blir en dryg timmes promenad och 5 km som vi avslutar vid Orn\u00f6kyrka. Sk\u00f6nt!\u00a0<a href=\"http:\/\/blogg.synology.me\/amerona\/wp-content\/uploads\/5BE1CE50-F265-41BA-B3CC-2B157EEE298E.jpeg\"><img loading=\"lazy\" decoding=\"async\" class=\"alignnone size-full wp-image-19150\" src=\"http:\/\/blogg.synology.me\/amerona\/wp-content\/uploads\/5BE1CE50-F265-41BA-B3CC-2B157EEE298E.jpeg\" alt=\"\" width=\"1537\" height=\"2049\" srcset=\"https:\/\/blogg.synology.me\/amerona\/wp-content\/uploads\/5BE1CE50-F265-41BA-B3CC-2B157EEE298E.jpeg 1537w, https:\/\/blogg.synology.me\/amerona\/wp-content\/uploads\/5BE1CE50-F265-41BA-B3CC-2B157EEE298E-450x600.jpeg 450w, https:\/\/blogg.synology.me\/amerona\/wp-content\/uploads\/5BE1CE50-F265-41BA-B3CC-2B157EEE298E-768x1024.jpeg 768w, https:\/\/blogg.synology.me\/amerona\/wp-content\/uploads\/5BE1CE50-F265-41BA-B3CC-2B157EEE298E-900x1200.jpeg 900w\" sizes=\"auto, (max-width: 1537px) 100vw, 1537px\" \/><\/a><\/p>\n<p>Efter en glass I kiosken s\u00e5 g\u00e5r vi ut och svajankrar inf\u00f6r natten. Bad 19\u00b0<\/p>\n<hr \/>\n<h3>s\u00f6ndag<\/h3>\n<p>Vinden skall vara NO 7 s\u00e5 vi f\u00e5r kryss till baks i dag. Det visar sig bli 4-7 s\u00e5 vi f\u00e5r en fin segling till Ingar\u00f6fj\u00e4rden.<\/p>\n","protected":false},"excerpt":{"rendered":"<p>. torsdag Vi avseglar fr\u00e5n Sm\u00e5\u00e4ngsviken vid 15-tiden och seglar en timme. Sedan d\u00f6r vinden ut och vi tar till motorn. Vi har en plan att hitta n\u00e5gon bra natthamn \u00f6ster om N\u00e4md\u00f6. Vi hittar efter n\u00e5gra f\u00f6rs\u00f6k ett eget berg p\u00e5 B\u00f6teskobben. Inte en b\u00e5t i sikte. &#8221;\u00c4r det m\u00f6jligt en midsommarhelg i Stockholms Sk\u00e4rg\u00e5rd&#8221;? Tydligen! &nbsp; &nbsp; fredag &#8211; Midsommarafton Vi inviger v\u00e5rt nya solskydd som k\u00e4nns helt r\u00e4tt d\u00e5 solen str\u00e5lar fr\u00e5n klarbl\u00e5 himmel. Medan Ewa F\u00f6rbereder midsommar lunchen passar jag p\u00e5 att byta startknapp som kr\u00e5nglat l\u00e4nge. Sedan \u00e4ter vi traditionell Midsommar mat N\u00e5gon enstaka b\u00e5t <a class=\"more-link\" href=\"https:\/\/blogg.synology.me\/amerona\/2020\/06\/amerona-i-skargarden-dag-4-7-midsommar\/\">Forts\u00e4tt l\u00e4sa <span class=\"screen-reader-text\">  Amerona i sk\u00e4rg\u00e5rden &#8211; dag 4-7 Midsommar<\/span><span class=\"meta-nav\">&rarr;<\/span><\/a><\/p>\n","protected":false},"author":1,"featured_media":19149,"comment_status":"open","ping_status":"open","sticky":false,"template":"","format":"standard","meta":{"_jetpack_memberships_contains_paid_content":false,"footnotes":""},"categories":[10],"tags":[],"class_list":["post-19145","post","type-post","status-publish","format-standard","has-post-thumbnail","hentry","category-10"],"jetpack_featured_media_url":"https:\/\/blogg.synology.me\/amerona\/wp-content\/uploads\/C3386E34-B3C3-4AD8-A594-9379DBB49F2F-e1593370578348.jpeg","jetpack_sharing_enabled":true,"_links":{"self":[{"href":"https:\/\/blogg.synology.me\/amerona\/wp-json\/wp\/v2\/posts\/19145","targetHints":{"allow":["GET"]}}],"collection":[{"href":"https:\/\/blogg.synology.me\/amerona\/wp-json\/wp\/v2\/posts"}],"about":[{"href":"https:\/\/blogg.synology.me\/amerona\/wp-json\/wp\/v2\/types\/post"}],"author":[{"embeddable":true,"href":"https:\/\/blogg.synology.me\/amerona\/wp-json\/wp\/v2\/users\/1"}],"replies":[{"embeddable":true,"href":"https:\/\/blogg.synology.me\/amerona\/wp-json\/wp\/v2\/comments?post=19145"}],"version-history":[{"count":10,"href":"https:\/\/blogg.synology.me\/amerona\/wp-json\/wp\/v2\/posts\/19145\/revisions"}],"predecessor-version":[{"id":19160,"href":"https:\/\/blogg.synology.me\/amerona\/wp-json\/wp\/v2\/posts\/19145\/revisions\/19160"}],"wp:featuredmedia":[{"embeddable":true,"href":"https:\/\/blogg.synology.me\/amerona\/wp-json\/wp\/v2\/media\/19149"}],"wp:attachment":[{"href":"https:\/\/blogg.synology.me\/amerona\/wp-json\/wp\/v2\/media?parent=19145"}],"wp:term":[{"taxonomy":"category","embeddable":true,"href":"https:\/\/blogg.synology.me\/amerona\/wp-json\/wp\/v2\/categories?post=19145"},{"taxonomy":"post_tag","embeddable":true,"href":"https:\/\/blogg.synology.me\/amerona\/wp-json\/wp\/v2\/tags?post=19145"}],"curies":[{"name":"wp","href":"https:\/\/api.w.org\/{rel}","templated":true}]}}