{"id":20225,"date":"2021-07-24T20:00:54","date_gmt":"2021-07-24T18:00:54","guid":{"rendered":"http:\/\/amerona.synology.me\/amerona\/?p=20225"},"modified":"2021-07-30T14:38:50","modified_gmt":"2021-07-30T12:38:50","slug":"sodra-idtullen-byxelkrok","status":"publish","type":"post","link":"https:\/\/blogg.synology.me\/amerona\/2021\/07\/sodra-idtullen-byxelkrok\/","title":{"rendered":"S\u00d6DRA IDTULLEN &#8211; BYXELKROK"},"content":{"rendered":"<h3>Lediga lata dagar i kroken<\/h3>\n<p>Fredag och l\u00f6rdag 23-24 juli<\/p>\n<p><img loading=\"lazy\" decoding=\"async\" class=\"wp-image-20215 aligncenter\" src=\"http:\/\/blogg.synology.me\/amerona\/wp-content\/uploads\/IMG_1198-e1627390111799.png\" alt=\"\" width=\"437\" height=\"777\" \/><\/p>\n<p>Vaknade tidigt, \u00e5t snabb l\u00e4tt frukost, tog av kapellen, drog upp ankaret och gick f\u00f6r motor till den r\u00f6da pricken d\u00e4r leden in mot Kr\u00e5kelund st\u00e5r. D\u00e4r hissade vi storen och rullade ut v\u00e5r sj\u00e4lvg\u00e5ende fock.<\/p>\n<p>Vinden NV ca 5 med byar runt 8-9. Mitt ute i Kalmarsund blev det h\u00f6gre v\u00e5gor fr\u00e5n sidan och det gungade ganska bra. Vi s\u00e5g p\u00e5 AIS att n\u00e5gra b\u00e5tar l\u00e4mnade Kroken och att det var ett par till \u00e4n vi som just d\u00e5 hade siktet inst\u00e4llt dit\u00e5t. V\u00e5gorona blev allt h\u00f6gre och vi tog p\u00e5 oss v\u00e5ra s\u00e4kerhetsselar f\u00f6r att vara p\u00e5 den s\u00e4kra sidan och best\u00e4mde att ta ner seglen inne i hamnen.<\/p>\n<p>I hamnen var det s\u00e5 gott som fullbelagt, en hamnkapten kom cyklande ut p\u00e5 den nya bryggan och h\u00e4nvisade oss till en boj n\u00e4stan \u00e4nda inne vid bryggf\u00e4stet- &#8221; Det kommer bli lite gungigt d\u00e4r i eftermiddag, men ni har djupet ni beh\u00f6ver \u00e4nda l\u00e4ngst in&#8221; ropade han. Vi rafsade ihop storseglet f\u00f6r att vika det snyggt n\u00e4r vi var p\u00e5 plats, fendrade av och fick upp f\u00f6rt\u00f6jningstampar i ett huj.. vi drev lite i\u00e5t sidan men som tur var fick jag hj\u00e4lp p\u00e5 bryggan av en trevlig b\u00e5tgranne&#8230;<\/p>\n<p>Den nya bryggan var lite h\u00f6g. F\u00f6rmodligen anpassad f\u00f6r att passa alla stora b\u00e5tar som \u00e4r ute nu f\u00f6rtiden och gunget fr\u00e5n havet i den r\u00e5dande vindriktningen gjorde att vi fick ligga med lite s\u00e4kerhetsavst\u00e5nd och det var lite ovant f\u00f6r matrosen att hoppa uppf\u00f6r p\u00e5 bryggan \u00e4n som vanligt hoppa ned&#8230;<\/p>\n<p><img loading=\"lazy\" decoding=\"async\" class=\"alignnone size-full wp-image-20227\" src=\"http:\/\/blogg.synology.me\/amerona\/wp-content\/uploads\/IMG_1200-2-e1627390728571.jpg\" alt=\"\" width=\"900\" height=\"1200\" srcset=\"https:\/\/blogg.synology.me\/amerona\/wp-content\/uploads\/IMG_1200-2-e1627390728571.jpg 900w, https:\/\/blogg.synology.me\/amerona\/wp-content\/uploads\/IMG_1200-2-e1627390728571-450x600.jpg 450w, https:\/\/blogg.synology.me\/amerona\/wp-content\/uploads\/IMG_1200-2-e1627390728571-768x1024.jpg 768w\" sizes=\"auto, (max-width: 900px) 100vw, 900px\" \/><\/p>\n<p>N\u00e4r vi vek seglat m\u00e4rkte vi att det har g\u00e5tt s\u00f6nder, p\u00e5 flera st\u00e4llen utmed akterliket har kolfibern brustit och den tunna duken g\u00e5tt s\u00f6nder, s\u00e5 vi lagade provisoriskt en l\u00e5ng bit med gorillatejp och seglduk. Och kaptenen, d\u00e5 tejpen inte r\u00e4ckte till att f\u00f6rebyggande tejpa hela kanten, ville ha tag p\u00e5 mer &#8211; De kanske har p\u00e5 Ica, sa han&#8230;<\/p>\n<p>Vi b\u00f6rjade med att g\u00e5 till hamnkontoret och till fiskaff\u00e4ren. I hamnkontoret betalade vi hamnavgift och h\u00f6rde oss f\u00f6r om det fanns m\u00f6jlighet att hyra cyklar- det fanns det, men inte just d\u00e5 f\u00f6r varenda sadelf\u00f6rsett fordon var redan utl\u00e5nade och man kunde aldrig veta n\u00e4r de kom tillbaka, s\u00e5 det var ingen id\u00e9 att boka n\u00e5gon&#8230;. sa tjejen bakom disken&#8230;<\/p>\n<p>I fiskaff\u00e4ren fanns i alla fall det vi var ute efter- r\u00e4kmacka f\u00f6rst\u00e5s, det var ju Fredag. Krokens r\u00e4kmackor skrev vi om redan f\u00f6rra \u00e5ret.. vi funderade p\u00e5 om vi skulle g\u00f6ra n\u00e5gon r\u00e4kmackelistning och \u00e4ta r\u00e4kmackor p\u00e5 alla st\u00e4llen vi kom till och sen betygs\u00e4tta dem&#8230;. men vi har ju hela kylen full med mat, s\u00e5 det k\u00e4ndes inte som en bra id\u00e9, och t\u00e4nk om n\u00e5gon r\u00e4kmackefantast h\u00e4r p\u00e5 b\u00e5ten skulle bli tr\u00f6tt p\u00e5 r\u00e4kmackor- det kan vi ju inte riskera&#8230;.<\/p>\n<p><img loading=\"lazy\" decoding=\"async\" class=\"alignnone size-full wp-image-20226\" src=\"http:\/\/blogg.synology.me\/amerona\/wp-content\/uploads\/IMG_1197-e1627390640400.jpg\" alt=\"\" width=\"900\" height=\"1200\" srcset=\"https:\/\/blogg.synology.me\/amerona\/wp-content\/uploads\/IMG_1197-e1627390640400.jpg 900w, https:\/\/blogg.synology.me\/amerona\/wp-content\/uploads\/IMG_1197-e1627390640400-450x600.jpg 450w, https:\/\/blogg.synology.me\/amerona\/wp-content\/uploads\/IMG_1197-e1627390640400-768x1024.jpg 768w\" sizes=\"auto, (max-width: 900px) 100vw, 900px\" \/><\/p>\n<p>P\u00e5 Ica har de en v\u00e5ning ned, en stor avdelning med sk lanthandelsaker- h\u00e4r kan man hitta allt fr\u00e5n syn\u00e5lar till grillar, men just gorillatejp fanns inte, bara icas v\u00e4vtejp som vi k\u00f6pte f\u00f6r att ha i n\u00f6dfall.<\/p>\n<p>Det var varmt, det var gungigt, bl\u00e5sigt och l\u00e4ngst in p\u00e5 bryggan en liten b\u00e5t d\u00e4r tre unga m\u00e4n spelade stereo s\u00e5 det h\u00f6rdes i hela hamnen&#8230;. kunde blivit jobbigt, men vi var inte i b\u00e5ten hela tiden och n\u00e4r de gick upp i byn f\u00f6r att f\u00f6rlusta sig p\u00e5 n\u00e5gon av restaurangerna blev det lugnt och stilla.<\/p>\n<p>I Byxelkrok har man byggt om lite med nya bryggor och f\u00f6rl\u00e4ngt piren. Det finna plats f\u00f6r m\u00e5nga b\u00e5tar och husbilar. Att ligga p\u00e5 nya bryggan visade sig vara ganska bra- men fick n\u00e4rmare till b\u00e5de Ica och stranden. L\u00f6rdag och S\u00f6ndag den h\u00e4r helgen var det dessutom knallemarknad p\u00e5 \u00a0hamnplanen.<\/p>\n<p>P\u00e5 l\u00f6rdagen provade vi att f\u00e5 tag i cyklar igen, men nu var beskedet att det kanske skulle finnas p\u00e5 eftermiddagen f\u00f6r det var s\u00e5 m\u00e5nga som hyrt dagen innan och inte l\u00e4mnat tillbaka \u00e4n, vi betalade hamnavgiften, gick en sv\u00e4ng p\u00e5 marknaden d\u00e4r jag gjorde stora fynd- marknadskarameller- det m\u00e5ste man k\u00f6pa p\u00e5 marknad &#8211; och en panamahatt &#8211; det har jag \u00f6nskat mig l\u00e4nge&#8230;<\/p>\n<p>Sen gick vi och provade badstranden. Fin sandbank med stora str\u00e5k av sl\u00e4ta stora och sm\u00e5 stenar, det var lite trixigt att g\u00e5 ut i vattnet f\u00f6r n\u00e4rmast vattenbrynet var en passage med sten innan man kom ut p\u00e5 sandbotten. Men det var ganska l\u00e5nggrunt och vattnet var varmt s\u00e5 det blev n\u00e5gra dopp innan vi br\u00f6t upp f\u00f6r lunchpaus och en liten eftermiddagsslummer..<\/p>\n<p>&nbsp;<\/p>\n<p>Det blev ingen cykeltur till l\u00e5nge Erik eller utmed kustv\u00e4gen den h\u00e4r g\u00e5ngen, men solnedg\u00e5ngen- den fick vi och alla andra uppleva.<\/p>\n<p><img loading=\"lazy\" decoding=\"async\" class=\"alignnone size-full wp-image-20228\" src=\"http:\/\/blogg.synology.me\/amerona\/wp-content\/uploads\/813250BD-22A1-4981-9619-1403454A5C40-e1627497001599.jpeg\" alt=\"\" width=\"1200\" height=\"900\" srcset=\"https:\/\/blogg.synology.me\/amerona\/wp-content\/uploads\/813250BD-22A1-4981-9619-1403454A5C40-e1627497001599.jpeg 1200w, https:\/\/blogg.synology.me\/amerona\/wp-content\/uploads\/813250BD-22A1-4981-9619-1403454A5C40-e1627497001599-600x450.jpeg 600w, https:\/\/blogg.synology.me\/amerona\/wp-content\/uploads\/813250BD-22A1-4981-9619-1403454A5C40-e1627497001599-768x576.jpeg 768w\" sizes=\"auto, (max-width: 1200px) 100vw, 1200px\" \/><\/p>\n<p>Byxelkrok har \u201dvuxit\u201d i v\u00e5ra \u00f6gon, numera tycker vi b\u00e5da att det \u00e4r en fin och trevlig hamn att komma till och vi stannar g\u00e4rna ett par dagar\u2026. Och n\u00e4sta g\u00e5ng m\u00e5ste vi f\u00e5 tag p\u00e5 ett par cyklar\u2026<\/p>\n","protected":false},"excerpt":{"rendered":"<p>Lediga lata dagar i kroken Fredag och l\u00f6rdag 23-24 juli Vaknade tidigt, \u00e5t snabb l\u00e4tt frukost, tog av kapellen, drog upp ankaret och gick f\u00f6r motor till den r\u00f6da pricken d\u00e4r leden in mot Kr\u00e5kelund st\u00e5r. D\u00e4r hissade vi storen och rullade ut v\u00e5r sj\u00e4lvg\u00e5ende fock. Vinden NV ca 5 med byar runt 8-9. Mitt ute i Kalmarsund blev det h\u00f6gre v\u00e5gor fr\u00e5n sidan och det gungade ganska bra. Vi s\u00e5g p\u00e5 AIS att n\u00e5gra b\u00e5tar l\u00e4mnade Kroken och att det var ett par till \u00e4n vi som just d\u00e5 hade siktet inst\u00e4llt dit\u00e5t. V\u00e5gorona blev allt h\u00f6gre och vi <a class=\"more-link\" href=\"https:\/\/blogg.synology.me\/amerona\/2021\/07\/sodra-idtullen-byxelkrok\/\">Forts\u00e4tt l\u00e4sa <span class=\"screen-reader-text\">  S\u00d6DRA IDTULLEN &#8211; BYXELKROK<\/span><span class=\"meta-nav\">&rarr;<\/span><\/a><\/p>\n","protected":false},"author":3,"featured_media":0,"comment_status":"open","ping_status":"open","sticky":false,"template":"","format":"standard","meta":{"_jetpack_memberships_contains_paid_content":false,"footnotes":""},"categories":[16],"tags":[],"class_list":["post-20225","post","type-post","status-publish","format-standard","hentry","category-16"],"jetpack_featured_media_url":"","jetpack_sharing_enabled":true,"_links":{"self":[{"href":"https:\/\/blogg.synology.me\/amerona\/wp-json\/wp\/v2\/posts\/20225","targetHints":{"allow":["GET"]}}],"collection":[{"href":"https:\/\/blogg.synology.me\/amerona\/wp-json\/wp\/v2\/posts"}],"about":[{"href":"https:\/\/blogg.synology.me\/amerona\/wp-json\/wp\/v2\/types\/post"}],"author":[{"embeddable":true,"href":"https:\/\/blogg.synology.me\/amerona\/wp-json\/wp\/v2\/users\/3"}],"replies":[{"embeddable":true,"href":"https:\/\/blogg.synology.me\/amerona\/wp-json\/wp\/v2\/comments?post=20225"}],"version-history":[{"count":5,"href":"https:\/\/blogg.synology.me\/amerona\/wp-json\/wp\/v2\/posts\/20225\/revisions"}],"predecessor-version":[{"id":20273,"href":"https:\/\/blogg.synology.me\/amerona\/wp-json\/wp\/v2\/posts\/20225\/revisions\/20273"}],"wp:attachment":[{"href":"https:\/\/blogg.synology.me\/amerona\/wp-json\/wp\/v2\/media?parent=20225"}],"wp:term":[{"taxonomy":"category","embeddable":true,"href":"https:\/\/blogg.synology.me\/amerona\/wp-json\/wp\/v2\/categories?post=20225"},{"taxonomy":"post_tag","embeddable":true,"href":"https:\/\/blogg.synology.me\/amerona\/wp-json\/wp\/v2\/tags?post=20225"}],"curies":[{"name":"wp","href":"https:\/\/api.w.org\/{rel}","templated":true}]}}