{"id":20327,"date":"2021-08-04T13:28:38","date_gmt":"2021-08-04T11:28:38","guid":{"rendered":"http:\/\/amerona.synology.me\/amerona\/?p=20327"},"modified":"2021-08-07T14:52:38","modified_gmt":"2021-08-07T12:52:38","slug":"lindoja-ringso","status":"publish","type":"post","link":"https:\/\/blogg.synology.me\/amerona\/2021\/08\/lindoja-ringso\/","title":{"rendered":"LIND\u00d6JA &#8211; RINGS\u00d6"},"content":{"rendered":"<p>Onsdag 4 augusti<\/p>\n<p>i svag SV vind seglar vi odramatiskt \u00f6ver Br\u00e5viken, f\u00f6rbi Oxel\u00f6sund och genom den smala lilla leden mot Kittel\u00f6 och V\u00e4stra Stend\u00f6rren mot RINGS\u00d6 d\u00e4r vi hittar en bra plats att svaja p\u00e5.<\/p>\n<p>Som alla andra dagar- varf\u00f6r \u00e4ndra p\u00e5 ett bra koncept? Badar vi och tar det lite lugnt i solen en stund innan middagen. N\u00e4r man v\u00e4ljer att svaja i den viken som ligger lite l\u00e4ngre upp m\u00e5ste man h\u00e5lla sig fr\u00e5n ett grund som finns mitt i farleden. Vi har precis satt oss f\u00f6r att \u00e4ta middag n\u00e4r jag ser en b\u00e5t komma runt h\u00f6rnet med god fart, s\u00e4kert 4-5 knop och g\u00e5 rakt p\u00e5 det grundet. D\u00e4r blir han fast ett tag tills n\u00e5gra med gummib\u00e5tar \u00e5ker ut och med hj\u00e4lp av ett fall drar loss honom\u2026<\/p>\n<p>N\u00e4r solen g\u00e5r ner bakom skogen, blir det kyligt och vi blir mygganfallna, s\u00e5 vi g\u00e5r ner och st\u00e4nger luckan<\/p>\n<p><img loading=\"lazy\" decoding=\"async\" class=\"alignnone size-full wp-image-20328\" src=\"http:\/\/blogg.synology.me\/amerona\/wp-content\/uploads\/A72B00C5-372A-438C-8F82-4ECA48B9F78C-e1628336355483.jpeg\" alt=\"\" width=\"900\" height=\"1200\" \/><\/p>\n<p>&nbsp;<\/p>\n","protected":false},"excerpt":{"rendered":"<p>Onsdag 4 augusti i svag SV vind seglar vi odramatiskt \u00f6ver Br\u00e5viken, f\u00f6rbi Oxel\u00f6sund och genom den smala lilla leden mot Kittel\u00f6 och V\u00e4stra Stend\u00f6rren mot RINGS\u00d6 d\u00e4r vi hittar en bra plats att svaja p\u00e5. Som alla andra dagar- varf\u00f6r \u00e4ndra p\u00e5 ett bra koncept? Badar vi och tar det lite lugnt i solen en stund innan middagen. N\u00e4r man v\u00e4ljer att svaja i den viken som ligger lite l\u00e4ngre upp m\u00e5ste man h\u00e5lla sig fr\u00e5n ett grund som finns mitt i farleden. Vi har precis satt oss f\u00f6r att \u00e4ta middag n\u00e4r jag ser en b\u00e5t komma runt <a class=\"more-link\" href=\"https:\/\/blogg.synology.me\/amerona\/2021\/08\/lindoja-ringso\/\">Forts\u00e4tt l\u00e4sa <span class=\"screen-reader-text\">  LIND\u00d6JA &#8211; RINGS\u00d6<\/span><span class=\"meta-nav\">&rarr;<\/span><\/a><\/p>\n","protected":false},"author":3,"featured_media":0,"comment_status":"open","ping_status":"open","sticky":false,"template":"","format":"standard","meta":{"_jetpack_memberships_contains_paid_content":false,"footnotes":""},"categories":[16],"tags":[],"class_list":["post-20327","post","type-post","status-publish","format-standard","hentry","category-16"],"jetpack_featured_media_url":"","jetpack_sharing_enabled":true,"_links":{"self":[{"href":"https:\/\/blogg.synology.me\/amerona\/wp-json\/wp\/v2\/posts\/20327","targetHints":{"allow":["GET"]}}],"collection":[{"href":"https:\/\/blogg.synology.me\/amerona\/wp-json\/wp\/v2\/posts"}],"about":[{"href":"https:\/\/blogg.synology.me\/amerona\/wp-json\/wp\/v2\/types\/post"}],"author":[{"embeddable":true,"href":"https:\/\/blogg.synology.me\/amerona\/wp-json\/wp\/v2\/users\/3"}],"replies":[{"embeddable":true,"href":"https:\/\/blogg.synology.me\/amerona\/wp-json\/wp\/v2\/comments?post=20327"}],"version-history":[{"count":2,"href":"https:\/\/blogg.synology.me\/amerona\/wp-json\/wp\/v2\/posts\/20327\/revisions"}],"predecessor-version":[{"id":20340,"href":"https:\/\/blogg.synology.me\/amerona\/wp-json\/wp\/v2\/posts\/20327\/revisions\/20340"}],"wp:attachment":[{"href":"https:\/\/blogg.synology.me\/amerona\/wp-json\/wp\/v2\/media?parent=20327"}],"wp:term":[{"taxonomy":"category","embeddable":true,"href":"https:\/\/blogg.synology.me\/amerona\/wp-json\/wp\/v2\/categories?post=20327"},{"taxonomy":"post_tag","embeddable":true,"href":"https:\/\/blogg.synology.me\/amerona\/wp-json\/wp\/v2\/tags?post=20327"}],"curies":[{"name":"wp","href":"https:\/\/api.w.org\/{rel}","templated":true}]}}