{"id":20330,"date":"2021-08-07T13:59:22","date_gmt":"2021-08-07T11:59:22","guid":{"rendered":"http:\/\/amerona.synology.me\/amerona\/?p=20330"},"modified":"2021-08-07T14:55:10","modified_gmt":"2021-08-07T12:55:10","slug":"ringso-fallaviken-kolnasviken","status":"publish","type":"post","link":"https:\/\/blogg.synology.me\/amerona\/2021\/08\/ringso-fallaviken-kolnasviken\/","title":{"rendered":"RINGS\u00d6 &#8211; FALLAVIKEN &#8211; KOLN\u00c4SVIKEN"},"content":{"rendered":"<h3>Torsdag &#8211; L\u00f6rdag 5-7 augusti<\/h3>\n<p>Kryss genom S\u00e4vsundet, sen str\u00e4cker vi mot Landsort i ungef\u00e4r 6 knop. Men n\u00e4r vi kommer till Skvallerhamnen p\u00e5 Landsort \u00e4r d\u00e4r redan fullt och till och med k\u00f6 f\u00f6r att l\u00e4gga till vid bryggan, s\u00e5 vi \u00e5ker vidare och l\u00e4gger oss p\u00e5 svaj i Fallaviken vid Dragets Kanal.<\/p>\n<p>SMHI har utf\u00e4rdat en kulingvarning fr\u00e5n fredag natt till l\u00f6rdag em, s\u00e5 vi f\u00f6rs\u00f6ker hitta ett bra st\u00e4lle att ligga bra till, n\u00e4r N och NV vinden bl\u00e5ser p\u00e5, d\u00e4rf\u00f6r best\u00e4mmer vi oss f\u00f6r att inte stanna i Nyn\u00e4shamn utan ist\u00e4llet g\u00e5 till Koln\u00e4sviken p\u00e5 Orn\u00f6.<\/p>\n<p>Och f\u00f6r att slippa hamna i bl\u00e5sv\u00e4dret p\u00e5 fredagskv\u00e4llen startar vi tidigt, g\u00e5r igenom kanalen och motoriserar till Nyn\u00e4shamn d\u00e4r vi tankar och fyller vatten. Killen p\u00e5 macken \u00e4r en mycket trevlig och hj\u00e4lpsam sommarjobbare.<\/p>\n<p>Vi hissar med ett rev fr\u00e5n b\u00f6rjan och f\u00e5r en ordentlig kyss ut p\u00e5 mysingen. F\u00f6r att f\u00e5 lite v\u00e5gl\u00e4 g\u00e5r vi upp bakom \u00f6arna mot Musk\u00f6sidan och n\u00e4r vi kommer ut igen p\u00e5 Mysingen har v\u00e5gorna lagt sig lite och vi f\u00e5r en fin kryss upp mot Orn\u00f6 i NO 3-9.<\/p>\n<p>I viken ligger n\u00e5gra b\u00e5tar mot stranden med vi l\u00e4gger oss p\u00e5 svaj f\u00f6r 3,e natten i rad.<\/p>\n<p>Det bl\u00e5ser p\u00e5 ganska bra under morgontimmarna mot l\u00f6rdagen och vid niotiden b\u00f6rjar det regna, s\u00e5 l\u00f6rdagen blir en planeringsdag och lite hush\u00e5llsbestyr som veckost\u00e4dning och annat s\u00e5nt d\u00e4r tr\u00e5kigt som ocks\u00e5 m\u00e5ste g\u00f6ras ibland.<\/p>\n<p><img loading=\"lazy\" decoding=\"async\" class=\"alignnone size-full wp-image-20331\" src=\"http:\/\/blogg.synology.me\/amerona\/wp-content\/uploads\/D00EC6CD-CCB4-4A48-A6A9-C55BE764E5A8-e1628337517193.jpeg\" alt=\"\" width=\"3024\" height=\"4032\" srcset=\"https:\/\/blogg.synology.me\/amerona\/wp-content\/uploads\/D00EC6CD-CCB4-4A48-A6A9-C55BE764E5A8-e1628337517193.jpeg 3024w, https:\/\/blogg.synology.me\/amerona\/wp-content\/uploads\/D00EC6CD-CCB4-4A48-A6A9-C55BE764E5A8-e1628337517193-450x600.jpeg 450w, https:\/\/blogg.synology.me\/amerona\/wp-content\/uploads\/D00EC6CD-CCB4-4A48-A6A9-C55BE764E5A8-e1628337517193-768x1024.jpeg 768w, https:\/\/blogg.synology.me\/amerona\/wp-content\/uploads\/D00EC6CD-CCB4-4A48-A6A9-C55BE764E5A8-e1628337517193-900x1200.jpeg 900w\" sizes=\"auto, (max-width: 3024px) 100vw, 3024px\" \/> <img loading=\"lazy\" decoding=\"async\" class=\"alignnone size-full wp-image-20332\" src=\"http:\/\/blogg.synology.me\/amerona\/wp-content\/uploads\/F3D64898-E56F-4410-AC57-F7D9E6D061F1.jpeg\" alt=\"\" width=\"4032\" height=\"3024\" srcset=\"https:\/\/blogg.synology.me\/amerona\/wp-content\/uploads\/F3D64898-E56F-4410-AC57-F7D9E6D061F1.jpeg 4032w, https:\/\/blogg.synology.me\/amerona\/wp-content\/uploads\/F3D64898-E56F-4410-AC57-F7D9E6D061F1-600x450.jpeg 600w, https:\/\/blogg.synology.me\/amerona\/wp-content\/uploads\/F3D64898-E56F-4410-AC57-F7D9E6D061F1-768x576.jpeg 768w, https:\/\/blogg.synology.me\/amerona\/wp-content\/uploads\/F3D64898-E56F-4410-AC57-F7D9E6D061F1-1200x900.jpeg 1200w\" sizes=\"auto, (max-width: 4032px) 100vw, 4032px\" \/><\/p>\n","protected":false},"excerpt":{"rendered":"<p>Torsdag &#8211; L\u00f6rdag 5-7 augusti Kryss genom S\u00e4vsundet, sen str\u00e4cker vi mot Landsort i ungef\u00e4r 6 knop. Men n\u00e4r vi kommer till Skvallerhamnen p\u00e5 Landsort \u00e4r d\u00e4r redan fullt och till och med k\u00f6 f\u00f6r att l\u00e4gga till vid bryggan, s\u00e5 vi \u00e5ker vidare och l\u00e4gger oss p\u00e5 svaj i Fallaviken vid Dragets Kanal. SMHI har utf\u00e4rdat en kulingvarning fr\u00e5n fredag natt till l\u00f6rdag em, s\u00e5 vi f\u00f6rs\u00f6ker hitta ett bra st\u00e4lle att ligga bra till, n\u00e4r N och NV vinden bl\u00e5ser p\u00e5, d\u00e4rf\u00f6r best\u00e4mmer vi oss f\u00f6r att inte stanna i Nyn\u00e4shamn utan ist\u00e4llet g\u00e5 till Koln\u00e4sviken p\u00e5 Orn\u00f6. <a class=\"more-link\" href=\"https:\/\/blogg.synology.me\/amerona\/2021\/08\/ringso-fallaviken-kolnasviken\/\">Forts\u00e4tt l\u00e4sa <span class=\"screen-reader-text\">  RINGS\u00d6 &#8211; FALLAVIKEN &#8211; KOLN\u00c4SVIKEN<\/span><span class=\"meta-nav\">&rarr;<\/span><\/a><\/p>\n","protected":false},"author":3,"featured_media":0,"comment_status":"open","ping_status":"open","sticky":false,"template":"","format":"standard","meta":{"_jetpack_memberships_contains_paid_content":false,"footnotes":""},"categories":[16],"tags":[],"class_list":["post-20330","post","type-post","status-publish","format-standard","hentry","category-16"],"jetpack_featured_media_url":"","jetpack_sharing_enabled":true,"_links":{"self":[{"href":"https:\/\/blogg.synology.me\/amerona\/wp-json\/wp\/v2\/posts\/20330","targetHints":{"allow":["GET"]}}],"collection":[{"href":"https:\/\/blogg.synology.me\/amerona\/wp-json\/wp\/v2\/posts"}],"about":[{"href":"https:\/\/blogg.synology.me\/amerona\/wp-json\/wp\/v2\/types\/post"}],"author":[{"embeddable":true,"href":"https:\/\/blogg.synology.me\/amerona\/wp-json\/wp\/v2\/users\/3"}],"replies":[{"embeddable":true,"href":"https:\/\/blogg.synology.me\/amerona\/wp-json\/wp\/v2\/comments?post=20330"}],"version-history":[{"count":4,"href":"https:\/\/blogg.synology.me\/amerona\/wp-json\/wp\/v2\/posts\/20330\/revisions"}],"predecessor-version":[{"id":20343,"href":"https:\/\/blogg.synology.me\/amerona\/wp-json\/wp\/v2\/posts\/20330\/revisions\/20343"}],"wp:attachment":[{"href":"https:\/\/blogg.synology.me\/amerona\/wp-json\/wp\/v2\/media?parent=20330"}],"wp:term":[{"taxonomy":"category","embeddable":true,"href":"https:\/\/blogg.synology.me\/amerona\/wp-json\/wp\/v2\/categories?post=20330"},{"taxonomy":"post_tag","embeddable":true,"href":"https:\/\/blogg.synology.me\/amerona\/wp-json\/wp\/v2\/tags?post=20330"}],"curies":[{"name":"wp","href":"https:\/\/api.w.org\/{rel}","templated":true}]}}