{"id":20363,"date":"2021-08-08T19:17:36","date_gmt":"2021-08-08T17:17:36","guid":{"rendered":"http:\/\/amerona.synology.me\/amerona\/?p=20363"},"modified":"2021-08-14T19:18:08","modified_gmt":"2021-08-14T17:18:08","slug":"kolnasviken-bjorno","status":"publish","type":"post","link":"https:\/\/blogg.synology.me\/amerona\/2021\/08\/kolnasviken-bjorno\/","title":{"rendered":"KOLN\u00c4SVIKEN &#8211; BJ\u00d6RN\u00d6"},"content":{"rendered":"<h3>S\u00f6ndag 8 augusti<\/h3>\n<p>Vinden har mojnat och v\u00e4nt till SV igen, regnet har droppat f\u00e4rdigt och vi har sett ett par f\u00f6r oss ok\u00e4nda vikar d\u00e4r det troligen \u00e4r fint l\u00e4 i. Nya fina vikar \u00e4r alltid roliga att hitta och till Bj\u00f6rn\u00f6 \u00e4r det lagom l\u00e5ngt eftersom vi i morgon har best\u00e4mt tr\u00e4ff med ett av v\u00e5ra barn och barnbarn p\u00e5 Orn\u00f6.<\/p>\n<p>Vi har tur, f\u00f6r vi hinner hitta Norrviken, ett litet berg att ligga till p\u00e5 och snabbt f\u00e5 p\u00e5 bomkapellet och sittbrunnst\u00e4ltet innan himlen \u00f6ppnar sig.<\/p>\n<p>Vi fixar lite att \u00e4ta och v\u00e4ntar ut regnet n\u00e5gra timmar, sen f\u00e5r vi en fin solig kv\u00e4ll och g\u00e5r ut p\u00e5 en skogspromenad och uppt\u00e4cksf\u00e4rd p\u00e5 \u00f6n. Bj\u00f6rn\u00f6 \u00e4r ett naturv\u00e5rdsomr\u00e5de och i tv\u00e5 vikar har Sk\u00e4rg\u00e5rdsstiftelsen ordnat med sopmajor, det finns gr\u00e4sytor man f\u00e5r t\u00e4lta p\u00e5 och en liten stuga att hyra. Det finns ocks\u00e5 en gammal bondg\u00e5rd man rustat och jag uppfattade det som att skolklasser kan hyra in sig och ha lite naturutbildning.<\/p>\n<p>P\u00e5 kv\u00e4llen f\u00e5r vi s\u00e4llskap i viken av n\u00e5gra andra b\u00e5tar, varav en ligger p\u00e5 svaj och s\u00e5 glider det in en v\u00e4ldigt vacker gammal b\u00e5t och l\u00e4gger sig p\u00e5 udden bredvid v\u00e5ran\u2026<\/p>\n<p><img loading=\"lazy\" decoding=\"async\" class=\"alignnone size-full wp-image-20364\" src=\"http:\/\/blogg.synology.me\/amerona\/wp-content\/uploads\/387CC21B-EF93-42A0-9DF6-97B0BC56A74C-e1628961365232.jpeg\" alt=\"\" width=\"3024\" height=\"4032\" srcset=\"https:\/\/blogg.synology.me\/amerona\/wp-content\/uploads\/387CC21B-EF93-42A0-9DF6-97B0BC56A74C-e1628961365232.jpeg 3024w, https:\/\/blogg.synology.me\/amerona\/wp-content\/uploads\/387CC21B-EF93-42A0-9DF6-97B0BC56A74C-e1628961365232-450x600.jpeg 450w, https:\/\/blogg.synology.me\/amerona\/wp-content\/uploads\/387CC21B-EF93-42A0-9DF6-97B0BC56A74C-e1628961365232-768x1024.jpeg 768w, https:\/\/blogg.synology.me\/amerona\/wp-content\/uploads\/387CC21B-EF93-42A0-9DF6-97B0BC56A74C-e1628961365232-900x1200.jpeg 900w\" sizes=\"auto, (max-width: 3024px) 100vw, 3024px\" \/><\/p>\n","protected":false},"excerpt":{"rendered":"<p>S\u00f6ndag 8 augusti Vinden har mojnat och v\u00e4nt till SV igen, regnet har droppat f\u00e4rdigt och vi har sett ett par f\u00f6r oss ok\u00e4nda vikar d\u00e4r det troligen \u00e4r fint l\u00e4 i. Nya fina vikar \u00e4r alltid roliga att hitta och till Bj\u00f6rn\u00f6 \u00e4r det lagom l\u00e5ngt eftersom vi i morgon har best\u00e4mt tr\u00e4ff med ett av v\u00e5ra barn och barnbarn p\u00e5 Orn\u00f6. Vi har tur, f\u00f6r vi hinner hitta Norrviken, ett litet berg att ligga till p\u00e5 och snabbt f\u00e5 p\u00e5 bomkapellet och sittbrunnst\u00e4ltet innan himlen \u00f6ppnar sig. Vi fixar lite att \u00e4ta och v\u00e4ntar ut regnet n\u00e5gra timmar, <a class=\"more-link\" href=\"https:\/\/blogg.synology.me\/amerona\/2021\/08\/kolnasviken-bjorno\/\">Forts\u00e4tt l\u00e4sa <span class=\"screen-reader-text\">  KOLN\u00c4SVIKEN &#8211; BJ\u00d6RN\u00d6<\/span><span class=\"meta-nav\">&rarr;<\/span><\/a><\/p>\n","protected":false},"author":3,"featured_media":0,"comment_status":"open","ping_status":"open","sticky":false,"template":"","format":"standard","meta":{"_jetpack_memberships_contains_paid_content":false,"footnotes":""},"categories":[16],"tags":[],"class_list":["post-20363","post","type-post","status-publish","format-standard","hentry","category-16"],"jetpack_featured_media_url":"","jetpack_sharing_enabled":true,"_links":{"self":[{"href":"https:\/\/blogg.synology.me\/amerona\/wp-json\/wp\/v2\/posts\/20363","targetHints":{"allow":["GET"]}}],"collection":[{"href":"https:\/\/blogg.synology.me\/amerona\/wp-json\/wp\/v2\/posts"}],"about":[{"href":"https:\/\/blogg.synology.me\/amerona\/wp-json\/wp\/v2\/types\/post"}],"author":[{"embeddable":true,"href":"https:\/\/blogg.synology.me\/amerona\/wp-json\/wp\/v2\/users\/3"}],"replies":[{"embeddable":true,"href":"https:\/\/blogg.synology.me\/amerona\/wp-json\/wp\/v2\/comments?post=20363"}],"version-history":[{"count":1,"href":"https:\/\/blogg.synology.me\/amerona\/wp-json\/wp\/v2\/posts\/20363\/revisions"}],"predecessor-version":[{"id":20366,"href":"https:\/\/blogg.synology.me\/amerona\/wp-json\/wp\/v2\/posts\/20363\/revisions\/20366"}],"wp:attachment":[{"href":"https:\/\/blogg.synology.me\/amerona\/wp-json\/wp\/v2\/media?parent=20363"}],"wp:term":[{"taxonomy":"category","embeddable":true,"href":"https:\/\/blogg.synology.me\/amerona\/wp-json\/wp\/v2\/categories?post=20363"},{"taxonomy":"post_tag","embeddable":true,"href":"https:\/\/blogg.synology.me\/amerona\/wp-json\/wp\/v2\/tags?post=20363"}],"curies":[{"name":"wp","href":"https:\/\/api.w.org\/{rel}","templated":true}]}}