{"id":20855,"date":"2022-06-21T23:15:39","date_gmt":"2022-06-21T21:15:39","guid":{"rendered":"https:\/\/blogg.synology.me\/amerona\/?p=20855"},"modified":"2022-06-22T09:24:44","modified_gmt":"2022-06-22T07:24:44","slug":"karlsborg-toreboda","status":"publish","type":"post","link":"https:\/\/blogg.synology.me\/amerona\/2022\/06\/karlsborg-toreboda\/","title":{"rendered":"Karlsborg &#8211; T\u00f6reboda"},"content":{"rendered":"<h3>Tisdag<\/h3>\n<p>Idag har det varit en h\u00e4ndelserik dag. Vi vaknade vid \u00e5tta, sl\u00e4ppte bryggan och Reidar b\u00f6rjade k\u00f6ra mot Forsvik och v\u00e5r sista uppf\u00f6rssluss medan jag fixade med te, kaffe och sm\u00f6rg\u00e5sar med ost och skinka. Det var l\u00e4ngesen vi \u00e5t frukost p\u00e5 v\u00e4g, men det \u00e4r lite mysigt och gott, konstaterade vi f\u00f6r hundrafemtionde g\u00e5ngen- synd att n\u00e5got s\u00e5 gott g\u00f6rs s\u00e5 s\u00e4llan&#8230;. Vi var ensamma p\u00e5 v\u00e4gen men vid v\u00e4ntbryggan vid slussen l\u00e5g den stora b\u00e5ten med barnfamiljen fr\u00e5n Lule\u00e5, som vi slussat med flera g\u00e5nger redan. Det k\u00e4nns p\u00e5 n\u00e5t s\u00e4tt som att vi k\u00e4nner dem efter de h\u00e4r dagarna.<\/p>\n<p><img loading=\"lazy\" decoding=\"async\" class=\"alignnone size-full wp-image-20859\" src=\"http:\/\/blogg.synology.me\/amerona\/wp-content\/uploads\/IMG_2160-scaled-e1655842781289.jpg\" alt=\"\" width=\"900\" height=\"1200\" srcset=\"https:\/\/blogg.synology.me\/amerona\/wp-content\/uploads\/IMG_2160-scaled-e1655842781289.jpg 900w, https:\/\/blogg.synology.me\/amerona\/wp-content\/uploads\/IMG_2160-scaled-e1655842781289-450x600.jpg 450w, https:\/\/blogg.synology.me\/amerona\/wp-content\/uploads\/IMG_2160-scaled-e1655842781289-768x1024.jpg 768w\" sizes=\"auto, (max-width: 900px) 100vw, 900px\" \/><\/p>\n<p>Forsviks sluss \u00e4r en av de finaste slussarna och n\u00e4r man slussat klart \u00e4r man p\u00e5 kanalens h\u00f6gsta niv\u00e5 92 m \u00f6ver havet och n\u00e4r man \u00e5ker ut d\u00e4rifr\u00e5n kommer man ut p\u00e5 en vacker led som g\u00e5r till sj\u00f6n viken,\u00a0<span style=\"font-size: 15px;\">som p\u00e5 sj\u00f6kortet ser ut som ett upp och nerv\u00e4nt V. I sj\u00f6ns sydv\u00e4stra h\u00f6rn ligger den handdrivna lilla slussen T\u00e5torp med 20 cm h\u00f6jdskillnad och sista biten in mot slussen best\u00e5r av en prickad smal farled. N\u00e4r den prickade leden b\u00f6rjade hade jag haft ett m\u00f6te och f\u00f6rberedde mig f\u00f6r att k\u00f6ra om en liten polsk b\u00e5t med ett \u00e4ldre par i. Jag hade sett p\u00e5 plotter att det kom ikapp en b\u00e5t bakom oss och hann precis v\u00e4nda mig om och se en stor, kanske 50 fots motorb\u00e5t alldeles bakom. Killen som k\u00f6rde vinkade glatt och k\u00f6rde om i full fart och vi fick i hast greppa alla v\u00e4rdef\u00f6rem\u00e5l som kameror och mobiler i v\u00e5gsvallet han drog upp. Det k\u00e4ndes som att vi skulle v\u00e4lta ett tag s\u00e5 mycket sv\u00e4ngde vi hit och dit. Den lilla polska b\u00e5ten hann styra tv\u00e4rs i v\u00e5gorna samtidigt som han saktade ner farten och girade in framf\u00f6r barnfamiljen som l\u00e5g framf\u00f6r.<\/span><\/p>\n<p><img loading=\"lazy\" decoding=\"async\" class=\"alignnone wp-image-20860\" src=\"http:\/\/blogg.synology.me\/amerona\/wp-content\/uploads\/IMG_2164-scaled.jpg\" alt=\"\" width=\"363\" height=\"481\" \/><img loading=\"lazy\" decoding=\"async\" class=\"alignnone wp-image-20861\" src=\"http:\/\/blogg.synology.me\/amerona\/wp-content\/uploads\/IMG_2170-scaled-e1655843225361.jpg\" alt=\"\" width=\"359\" height=\"475\" \/><\/p>\n<p>N\u00e4r vi kom fram till slussen hade de lagt sig mitt framf\u00f6r och l\u00e5g och v\u00e4ntade p\u00e5 sin tur, Tyv\u00e4rr var det ingen som skulle ut fr\u00e5n andra h\u00e5llet, men de tr\u00e4ngde sig ju f\u00f6re alla som satt i k\u00f6 p\u00e5 det s\u00e4ttet&#8230;. fast vi som stod i k\u00f6 hade de ju redan \u00e5kt f\u00f6rbi ju. Reidar hj\u00e4lpte slussvakten att \u00f6ppna och st\u00e4nga slussportarna. Leden vi \u00e5kte i sen var p\u00e5 vissa st\u00e4llen s\u00e5 smal att m\u00f6ten skulle ske vid speciella m\u00f6tesplatser. Vi var tacksamma att trafiken fr\u00e5n andra h\u00e5llet var s\u00e5 liten och att vi inte m\u00f6tt n\u00e5gon stor passagerarb\u00e5t idag.<\/p>\n<p>Det var bara tv\u00e5 slussar idag men desto mera broar, vid n\u00e5gon fick vi v\u00e4nta ett par minuter, men till och med j\u00e4rnv\u00e4gsbron h\u00e4r i T\u00f6reboda sk\u00f6tte sig. Vi fick en plats vid bryggan p\u00e5 den sida centrum ligger och det f\u00f6rsta vi gjorde var att ta ett dopp i den 20,4 gradiga vattnet. Det var sk\u00f6nt f\u00f6r idag har det varit v\u00e4ldigt varmt.<\/p>\n<p>Reidar hade best\u00e4mt sig f\u00f6r att vi skulle passa p\u00e5 att byta f\u00f6rsegel och ha v\u00e5r 106% igen, n\u00e4r vi kommer till V\u00e4stkusten, s\u00e5 han tog av kapellet, s\u00e5 ropade han till mig- &#8221;kom och titta!&#8221;. V\u00e5rt fina tunna segel har g\u00e5tt s\u00f6nder, troligen n\u00e4r vi kryssade till Stegeborg f\u00f6rra veckan och det bl\u00e5ste s\u00e5 h\u00e5rt. Hela akterliket har sl\u00e4ppt fr\u00e5n duken, n\u00e4stan lika som h\u00e4nde med storseglet f\u00f6rra sommaren n\u00e4r vi kom till Byxelkrok. S\u00e5 nu m\u00e5ste det segel l\u00e4mnas in p\u00e5 lagning och hur ska vi klara oss nu? Vi har ett gammalt segel hemma- kan vi f\u00e5 hit det? Vi har ju lite l\u00e5ngt hem f\u00f6r att h\u00e4mta det. N\u00e5gra telefonsamtal och mail och Reidars sn\u00e4lla son som handr\u00e4ckning hemma och en bra kontakt hos segelmakaren s\u00e5 ser det ut att l\u00f6sa sig och vi kan kanske f\u00e5 hj\u00e4lp att f\u00e5 det till G\u00f6teborg, s\u00e5 vi kan h\u00e4mta upp det d\u00e4r och l\u00e4mna det trasiga f\u00f6r reparation.<\/p>\n<p><img loading=\"lazy\" decoding=\"async\" class=\"alignnone wp-image-20863\" src=\"http:\/\/blogg.synology.me\/amerona\/wp-content\/uploads\/IMG_2175-scaled-e1655843394798.jpg\" alt=\"\" width=\"355\" height=\"470\" \/><img loading=\"lazy\" decoding=\"async\" class=\"alignnone wp-image-20862\" src=\"http:\/\/blogg.synology.me\/amerona\/wp-content\/uploads\/IMG_2176-scaled-e1655843323162.jpg\" alt=\"\" width=\"352\" height=\"465\" \/><\/p>\n<p>G\u00e4nget \u00e4r samlat och i kv\u00e4ll bj\u00f6d Anna och Tomas p\u00e5 f\u00f6rdrink i parken. Efter middagen gick jag och Reidar en runda p\u00e5 stan och lokaliserade var Ica och Coop ligger. I morgon ska vi handla lite vi vill ha till midsommar och stannar nog h\u00e4r i T\u00f6reboda, innan vi tar oss i kast med alla dubbelslussar ner till V\u00e4nern.<\/p>\n","protected":false},"excerpt":{"rendered":"<p>Tisdag Idag har det varit en h\u00e4ndelserik dag. Vi vaknade vid \u00e5tta, sl\u00e4ppte bryggan och Reidar b\u00f6rjade k\u00f6ra mot Forsvik och v\u00e5r sista uppf\u00f6rssluss medan jag fixade med te, kaffe och sm\u00f6rg\u00e5sar med ost och skinka. Det var l\u00e4ngesen vi \u00e5t frukost p\u00e5 v\u00e4g, men det \u00e4r lite mysigt och gott, konstaterade vi f\u00f6r hundrafemtionde g\u00e5ngen- synd att n\u00e5got s\u00e5 gott g\u00f6rs s\u00e5 s\u00e4llan&#8230;. Vi var ensamma p\u00e5 v\u00e4gen men vid v\u00e4ntbryggan vid slussen l\u00e5g den stora b\u00e5ten med barnfamiljen fr\u00e5n Lule\u00e5, som vi slussat med flera g\u00e5nger redan. Det k\u00e4nns p\u00e5 n\u00e5t s\u00e4tt som att vi k\u00e4nner dem efter <a class=\"more-link\" href=\"https:\/\/blogg.synology.me\/amerona\/2022\/06\/karlsborg-toreboda\/\">Forts\u00e4tt l\u00e4sa <span class=\"screen-reader-text\">  Karlsborg &#8211; T\u00f6reboda<\/span><span class=\"meta-nav\">&rarr;<\/span><\/a><\/p>\n","protected":false},"author":3,"featured_media":0,"comment_status":"open","ping_status":"open","sticky":false,"template":"","format":"standard","meta":{"_jetpack_memberships_contains_paid_content":false,"footnotes":""},"categories":[24,28],"tags":[],"class_list":["post-20855","post","type-post","status-publish","format-standard","hentry","category-24","category-gota-kanal"],"jetpack_featured_media_url":"","jetpack_sharing_enabled":true,"_links":{"self":[{"href":"https:\/\/blogg.synology.me\/amerona\/wp-json\/wp\/v2\/posts\/20855","targetHints":{"allow":["GET"]}}],"collection":[{"href":"https:\/\/blogg.synology.me\/amerona\/wp-json\/wp\/v2\/posts"}],"about":[{"href":"https:\/\/blogg.synology.me\/amerona\/wp-json\/wp\/v2\/types\/post"}],"author":[{"embeddable":true,"href":"https:\/\/blogg.synology.me\/amerona\/wp-json\/wp\/v2\/users\/3"}],"replies":[{"embeddable":true,"href":"https:\/\/blogg.synology.me\/amerona\/wp-json\/wp\/v2\/comments?post=20855"}],"version-history":[{"count":3,"href":"https:\/\/blogg.synology.me\/amerona\/wp-json\/wp\/v2\/posts\/20855\/revisions"}],"predecessor-version":[{"id":20877,"href":"https:\/\/blogg.synology.me\/amerona\/wp-json\/wp\/v2\/posts\/20855\/revisions\/20877"}],"wp:attachment":[{"href":"https:\/\/blogg.synology.me\/amerona\/wp-json\/wp\/v2\/media?parent=20855"}],"wp:term":[{"taxonomy":"category","embeddable":true,"href":"https:\/\/blogg.synology.me\/amerona\/wp-json\/wp\/v2\/categories?post=20855"},{"taxonomy":"post_tag","embeddable":true,"href":"https:\/\/blogg.synology.me\/amerona\/wp-json\/wp\/v2\/tags?post=20855"}],"curies":[{"name":"wp","href":"https:\/\/api.w.org\/{rel}","templated":true}]}}