{"id":20891,"date":"2022-06-24T21:08:10","date_gmt":"2022-06-24T19:08:10","guid":{"rendered":"https:\/\/blogg.synology.me\/amerona\/?p=20891"},"modified":"2022-06-24T21:15:23","modified_gmt":"2022-06-24T19:15:23","slug":"hajstrop-lyrestad-midsommar","status":"publish","type":"post","link":"https:\/\/blogg.synology.me\/amerona\/2022\/06\/hajstrop-lyrestad-midsommar\/","title":{"rendered":"Hajstrop &#8211; Lyrestad &#038; midsommar"},"content":{"rendered":"<h3><img loading=\"lazy\" decoding=\"async\" class=\"alignnone size-full wp-image-20901\" src=\"http:\/\/blogg.synology.me\/amerona\/wp-content\/uploads\/5FE6BB00-FDCE-43FD-BF18-27A1F23171BD-e1656097386625.jpg\" alt=\"\" width=\"960\" height=\"441\" srcset=\"https:\/\/blogg.synology.me\/amerona\/wp-content\/uploads\/5FE6BB00-FDCE-43FD-BF18-27A1F23171BD-e1656097386625.jpg 960w, https:\/\/blogg.synology.me\/amerona\/wp-content\/uploads\/5FE6BB00-FDCE-43FD-BF18-27A1F23171BD-e1656097386625-600x276.jpg 600w, https:\/\/blogg.synology.me\/amerona\/wp-content\/uploads\/5FE6BB00-FDCE-43FD-BF18-27A1F23171BD-e1656097386625-768x353.jpg 768w\" sizes=\"auto, (max-width: 960px) 100vw, 960px\" \/><\/h3>\n<h3>torsdag<\/h3>\n<p>Vi trodde ju att vi var smarta i g\u00e5r kv\u00e4ll d\u00e5 vi gick fr\u00e5n T\u00f6reboda till Hajstorp p\u00e5 eftermiddagen. Det var ju bara tv\u00e5 broar och ca 2M. Det var ju fint i Hajstorp. alldeles tyst och lugnt. F\u00e5gelkvitter och inga bilar som vi h\u00f6rde.<\/p>\n<p>Vi startade p\u00e5 torsdagen strax efter nio. H\u00e4r var det i dag den trevliga slussv\u00e4rden fr\u00e5n T\u00e5torp, Mats. Han har jobbat i 40 \u00e5r vid kanalen och fick guldklocka f\u00f6rra \u00e5ret. Lite som i en av kanal-filmerna. Han b\u00f6rjade strax innan han fyllde 16 \u00e5r och hade \u00e4ven f\u00f6rf\u00e4der som jobbat vid kanalen. Trevligt m\u00f6te!<\/p>\n<p>N\u00e4r vi slussat ner i Hajstorp \u00f6vre s\u00e5 meddelades det \u00f6ver kanalbolagets radio, de har en egen VHF frekvens, att det var fel i n\u00e4sta sluss. Hajstorp nedre. Vi fick d\u00e4rf\u00f6r ligga kvar inne i slussen f\u00f6r att det inte finns n\u00e5gon v\u00e4ntbrygga mellan dessa tv\u00e5 slussar. Efter en stund meddelades att det var el-fel och jourhavande elektriker var kallad.<\/p>\n<p>Efter tv\u00e5 timmars v\u00e4ntan inne i slussen s\u00e5 fick vi \u00a0forts\u00e4tta v\u00e5r f\u00e4rd. Slussv\u00e4rden ber\u00e4ttar att f\u00f6rutom det man ser h\u00e4r p\u00e5 bilden s\u00e5 \u00e4r slussportarna ytterligare ca 3m under ytan. Fantastiskt bygge G\u00f6ta Kanal.<br \/>\n<img loading=\"lazy\" decoding=\"async\" class=\"alignnone size-full wp-image-20904\" src=\"http:\/\/blogg.synology.me\/amerona\/wp-content\/uploads\/IMG_5134-scaled-e1656098002294.jpg\" alt=\"\" width=\"900\" height=\"1200\" srcset=\"https:\/\/blogg.synology.me\/amerona\/wp-content\/uploads\/IMG_5134-scaled-e1656098002294.jpg 900w, https:\/\/blogg.synology.me\/amerona\/wp-content\/uploads\/IMG_5134-scaled-e1656098002294-450x600.jpg 450w, https:\/\/blogg.synology.me\/amerona\/wp-content\/uploads\/IMG_5134-scaled-e1656098002294-768x1024.jpg 768w\" sizes=\"auto, (max-width: 900px) 100vw, 900px\" \/><\/p>\n<p><img loading=\"lazy\" decoding=\"async\" class=\"alignnone size-full wp-image-20899\" src=\"http:\/\/blogg.synology.me\/amerona\/wp-content\/uploads\/C7B48D24-BFD7-46CD-9C94-B2E416764B51-e1656096650675.jpg\" alt=\"\" width=\"960\" height=\"1200\" srcset=\"https:\/\/blogg.synology.me\/amerona\/wp-content\/uploads\/C7B48D24-BFD7-46CD-9C94-B2E416764B51-e1656096650675.jpg 960w, https:\/\/blogg.synology.me\/amerona\/wp-content\/uploads\/C7B48D24-BFD7-46CD-9C94-B2E416764B51-e1656096650675-480x600.jpg 480w, https:\/\/blogg.synology.me\/amerona\/wp-content\/uploads\/C7B48D24-BFD7-46CD-9C94-B2E416764B51-e1656096650675-768x960.jpg 768w\" sizes=\"auto, (max-width: 960px) 100vw, 960px\" \/><\/p>\n<p>Nu f\u00f6ljer ett antal dubbel och trippel-slussar innan man kommer till Norrkvarn d\u00e4r det \u00e4r tv\u00e5 enkel-slussar. D\u00e4refter en enkel-sluss och tv\u00e5 broar. D\u00e5 \u00e4r vi i Lyrestad. H\u00e4r har vi t\u00e4nkt fira midsommar f\u00f6r att jag l\u00e4st i kanalbolagets information att det \u00e4r midsommarfirande med hembyggdsf\u00f6reningen och musik p\u00e5 kajen kl 20 p\u00e5 kv\u00e4llen.<\/p>\n<p>Jag och Thomas g\u00e5r en promenad till Mercedes-museet, &#8221;<a href=\"https:\/\/lokalhelhet.se\/mercedesladan-i-lyrestad\/\" target=\"_blank\" rel=\"noopener\">Mercedesladan<\/a>&#8221;. Det \u00e4r Mats och Maritha Harryson som samlat p\u00e5 sig ett antal bilar, alla utom en, \u00e4r Mercedes. Vi guidas av Mats i den fantastiska samlingen. Vi strosar runt n\u00e5gon timme eller tv\u00e5 och lyssnar p\u00e5 alla fantastiska historier om bilarna. Alla \u00e4r skattade, f\u00f6rs\u00e4krade och g\u00e5r att k\u00f6ra. Mats och hans fru luftar n\u00e5gra om \u00e5ret. Ibland vid br\u00f6llop eller s\u00e5.<br \/>\n<img loading=\"lazy\" decoding=\"async\" class=\"alignleft wp-image-20894 size-medium\" src=\"http:\/\/blogg.synology.me\/amerona\/wp-content\/uploads\/IMG_5147-scaled-e1656095946781-600x450.jpg\" alt=\"\" width=\"600\" height=\"450\" srcset=\"https:\/\/blogg.synology.me\/amerona\/wp-content\/uploads\/IMG_5147-scaled-e1656095946781-600x450.jpg 600w, https:\/\/blogg.synology.me\/amerona\/wp-content\/uploads\/IMG_5147-scaled-e1656095946781-768x576.jpg 768w, https:\/\/blogg.synology.me\/amerona\/wp-content\/uploads\/IMG_5147-scaled-e1656095946781.jpg 1200w\" sizes=\"auto, (max-width: 600px) 100vw, 600px\" \/> <img loading=\"lazy\" decoding=\"async\" class=\"aligncenter wp-image-20893 size-medium\" src=\"http:\/\/blogg.synology.me\/amerona\/wp-content\/uploads\/IMG_5145-scaled-e1656095931297-450x600.jpg\" alt=\"\" width=\"450\" height=\"600\" srcset=\"https:\/\/blogg.synology.me\/amerona\/wp-content\/uploads\/IMG_5145-scaled-e1656095931297-450x600.jpg 450w, https:\/\/blogg.synology.me\/amerona\/wp-content\/uploads\/IMG_5145-scaled-e1656095931297-768x1024.jpg 768w, https:\/\/blogg.synology.me\/amerona\/wp-content\/uploads\/IMG_5145-scaled-e1656095931297.jpg 900w\" sizes=\"auto, (max-width: 450px) 100vw, 450px\" \/> <img loading=\"lazy\" decoding=\"async\" class=\"alignnone wp-image-20892 size-medium\" src=\"http:\/\/blogg.synology.me\/amerona\/wp-content\/uploads\/IMG_5142-600x450.jpg\" alt=\"\" width=\"600\" height=\"450\" srcset=\"https:\/\/blogg.synology.me\/amerona\/wp-content\/uploads\/IMG_5142-600x450.jpg 600w, https:\/\/blogg.synology.me\/amerona\/wp-content\/uploads\/IMG_5142-1200x900.jpg 1200w, https:\/\/blogg.synology.me\/amerona\/wp-content\/uploads\/IMG_5142-768x576.jpg 768w, https:\/\/blogg.synology.me\/amerona\/wp-content\/uploads\/IMG_5142-1536x1152.jpg 1536w, https:\/\/blogg.synology.me\/amerona\/wp-content\/uploads\/IMG_5142-2048x1536.jpg 2048w\" sizes=\"auto, (max-width: 600px) 100vw, 600px\" \/><\/p>\n<p>Tillbaks i hamnen blir det bad, glass fr\u00e5n kiosken ombord hjul\u00e5ngaren Nordevall d\u00e4r man f\u00e5r bes\u00f6ka maskinrummet med \u00e5ngmaskin mm.<br \/>\n<img loading=\"lazy\" decoding=\"async\" class=\"alignnone size-full wp-image-20896\" src=\"http:\/\/blogg.synology.me\/amerona\/wp-content\/uploads\/IMG_5150-scaled-e1656095973901.jpg\" alt=\"\" width=\"1200\" height=\"900\" srcset=\"https:\/\/blogg.synology.me\/amerona\/wp-content\/uploads\/IMG_5150-scaled-e1656095973901.jpg 1200w, https:\/\/blogg.synology.me\/amerona\/wp-content\/uploads\/IMG_5150-scaled-e1656095973901-600x450.jpg 600w, https:\/\/blogg.synology.me\/amerona\/wp-content\/uploads\/IMG_5150-scaled-e1656095973901-768x576.jpg 768w\" sizes=\"auto, (max-width: 1200px) 100vw, 1200px\" \/><\/p>\n<p>Och s\u00e5 avslutar vi dagen med minigolf. Trevlig, varm och solig kv\u00e4ll.<\/p>\n<hr \/>\n<h3>fredag &amp; midsommarafton<\/h3>\n<p>En av kompisb\u00e5tarna hastade vidare redan i g\u00e5r och vi blir bara tv\u00e5 kompisb\u00e5tar som ligger kvar och firar midsommar. Men Vi f\u00e5r en fantastisk dag med sol, v\u00e4rme och svaga vindar. Jag f\u00e5r ett l\u00e5ngt samtal med &#8221;kaptenen&#8221; p\u00e5 b\u00e5ten bakom som jobbat inom sj\u00f6farten och seglat p\u00e5 b\u00e5de V\u00e4stkusten, Kanalen och M\u00e4laren, yrkesm\u00e4ssigt. Han ger m\u00e5nga tips och r\u00e5d om v\u00e4stkusten d\u00e4r de bor p\u00e5 en \u00f6 utanf\u00f6r G\u00f6teborg, inf\u00f6r v\u00e5r fortsatta f\u00e4rd d\u00e4r.<\/p>\n<p>Efter bad dukar vi f\u00f6r sill-luch med tillbeh\u00f6r p\u00e5 b\u00e4nkar och bord som finns p\u00e5 en udde invid kanalen.<br \/>\n<img loading=\"lazy\" decoding=\"async\" class=\"alignnone size-full wp-image-20897\" src=\"http:\/\/blogg.synology.me\/amerona\/wp-content\/uploads\/IMG_5154-scaled-e1656095986265.jpg\" alt=\"\" width=\"1200\" height=\"900\" srcset=\"https:\/\/blogg.synology.me\/amerona\/wp-content\/uploads\/IMG_5154-scaled-e1656095986265.jpg 1200w, https:\/\/blogg.synology.me\/amerona\/wp-content\/uploads\/IMG_5154-scaled-e1656095986265-600x450.jpg 600w, https:\/\/blogg.synology.me\/amerona\/wp-content\/uploads\/IMG_5154-scaled-e1656095986265-768x576.jpg 768w\" sizes=\"auto, (max-width: 1200px) 100vw, 1200px\" \/><\/p>\n<p>Efter mera bad, det \u00e4r 22 i vattnet, s\u00e5 vilar vi lite innan midsommart\u00e5rtan avnjuts med bubbel i Ameronas sittbrunn. Inte mycket b\u00e5tar har passerat i kanalen i dag och det \u00e4r v\u00e4l s\u00e5 att de flesta firar midsommar i n\u00e5gon hamn. En luring var ju att det midsommarfirande jag l\u00e4st om var inte h\u00e4r i Lyrestad, utan orten innan, Norrkvarn. Men vi var alla \u00f6verens om att det gjorde inget f\u00f6r vi fick en fantastisk trevlig dag.<\/p>\n<p>I morgon kan kanalresan vara slut f\u00f6r den h\u00e4r g\u00e5ngen f\u00f6r vi kommer nog g\u00e5 till Sj\u00f6torp som \u00e4r sista ort \u00e5t det h\u00e4r h\u00e5llet. Sedan v\u00e4ntar V\u00e4nern!<\/p>\n","protected":false},"excerpt":{"rendered":"<p>torsdag Vi trodde ju att vi var smarta i g\u00e5r kv\u00e4ll d\u00e5 vi gick fr\u00e5n T\u00f6reboda till Hajstorp p\u00e5 eftermiddagen. Det var ju bara tv\u00e5 broar och ca 2M. Det var ju fint i Hajstorp. alldeles tyst och lugnt. F\u00e5gelkvitter och inga bilar som vi h\u00f6rde. Vi startade p\u00e5 torsdagen strax efter nio. H\u00e4r var det i dag den trevliga slussv\u00e4rden fr\u00e5n T\u00e5torp, Mats. Han har jobbat i 40 \u00e5r vid kanalen och fick guldklocka f\u00f6rra \u00e5ret. Lite som i en av kanal-filmerna. Han b\u00f6rjade strax innan han fyllde 16 \u00e5r och hade \u00e4ven f\u00f6rf\u00e4der som jobbat vid kanalen. Trevligt <a class=\"more-link\" href=\"https:\/\/blogg.synology.me\/amerona\/2022\/06\/hajstrop-lyrestad-midsommar\/\">Forts\u00e4tt l\u00e4sa <span class=\"screen-reader-text\">  Hajstrop &#8211; Lyrestad &#038; midsommar<\/span><span class=\"meta-nav\">&rarr;<\/span><\/a><\/p>\n","protected":false},"author":1,"featured_media":0,"comment_status":"open","ping_status":"open","sticky":false,"template":"","format":"standard","meta":{"_jetpack_memberships_contains_paid_content":false,"footnotes":""},"categories":[24,28],"tags":[],"class_list":["post-20891","post","type-post","status-publish","format-standard","hentry","category-24","category-gota-kanal"],"jetpack_featured_media_url":"","jetpack_sharing_enabled":true,"_links":{"self":[{"href":"https:\/\/blogg.synology.me\/amerona\/wp-json\/wp\/v2\/posts\/20891","targetHints":{"allow":["GET"]}}],"collection":[{"href":"https:\/\/blogg.synology.me\/amerona\/wp-json\/wp\/v2\/posts"}],"about":[{"href":"https:\/\/blogg.synology.me\/amerona\/wp-json\/wp\/v2\/types\/post"}],"author":[{"embeddable":true,"href":"https:\/\/blogg.synology.me\/amerona\/wp-json\/wp\/v2\/users\/1"}],"replies":[{"embeddable":true,"href":"https:\/\/blogg.synology.me\/amerona\/wp-json\/wp\/v2\/comments?post=20891"}],"version-history":[{"count":7,"href":"https:\/\/blogg.synology.me\/amerona\/wp-json\/wp\/v2\/posts\/20891\/revisions"}],"predecessor-version":[{"id":20907,"href":"https:\/\/blogg.synology.me\/amerona\/wp-json\/wp\/v2\/posts\/20891\/revisions\/20907"}],"wp:attachment":[{"href":"https:\/\/blogg.synology.me\/amerona\/wp-json\/wp\/v2\/media?parent=20891"}],"wp:term":[{"taxonomy":"category","embeddable":true,"href":"https:\/\/blogg.synology.me\/amerona\/wp-json\/wp\/v2\/categories?post=20891"},{"taxonomy":"post_tag","embeddable":true,"href":"https:\/\/blogg.synology.me\/amerona\/wp-json\/wp\/v2\/tags?post=20891"}],"curies":[{"name":"wp","href":"https:\/\/api.w.org\/{rel}","templated":true}]}}