{"id":22266,"date":"2024-06-16T21:09:07","date_gmt":"2024-06-16T19:09:07","guid":{"rendered":"https:\/\/blogg.synology.me\/amerona\/?p=22266"},"modified":"2024-06-19T21:42:40","modified_gmt":"2024-06-19T19:42:40","slug":"malarrodret-2024","status":"publish","type":"post","link":"https:\/\/blogg.synology.me\/amerona\/2024\/06\/malarrodret-2024\/","title":{"rendered":"M\u00e4larrodret 2024"},"content":{"rendered":"<h3>s\u00f6ndag<\/h3>\n<p>Jag seglade M\u00e4larrodret f\u00f6rra \u00e5ret 2023 d\u00e5 det var premi\u00e4r. Det var en trevlig segling men v\u00e4ldigt vindfattig.<\/p>\n<p>S\u00e5 var det dags igen och p\u00e5 fredagen startade vi 5 b\u00e5tar med ny startlinje vid H\u00e4sselby Holmes udde, d\u00e4r det finns en enslinje f\u00f6r tisdagsseglingar.<\/p>\n<p>Banan var den samma som f\u00f6rra \u00e5ret. M\u00e5lg\u00e5ng flyttad n\u00e5gra hundra meter till tv\u00e4rs gr\u00f6npricken vid Norrsundet.<br \/>\n<a href=\"https:\/\/blogg.synology.me\/amerona\/wp-content\/uploads\/Skarmavbild-2024-06-19-kl.-21.11.47-e1718824370141.png\"><img loading=\"lazy\" decoding=\"async\" class=\"alignnone size-full wp-image-22268\" src=\"https:\/\/blogg.synology.me\/amerona\/wp-content\/uploads\/Skarmavbild-2024-06-19-kl.-21.11.47-e1718824370141.png\" alt=\"\" width=\"1200\" height=\"789\" \/><\/a><\/p>\n<p>Jag startade 18:16:33 som sista b\u00e5t. De som startat tidigare hade \u00e4nd\u00e5 bara kommit ut p\u00e5 L\u00f6vstafj\u00e4rden. I svag l\u00e4ns segade jag mig ut p\u00e5 Lambarfj\u00e4rden. Efter Lambar\u00f6n kom regn och ocks\u00e5 vind. Det vart spinnaker \u00e4nda till Norrudden d\u00e4r det blev n\u00e5gra krysslag genom Skeppsbackasundet. Upp med spinnakern igen vid G\u00f6holmen.<\/p>\n<p>D\u00e4refter f\u00f6ljde en l\u00e5ng l\u00e4ns \u00e4nda upp till Fager\u00f6flisan. Jag var nu tredje b\u00e5t. Vid rundning 21:30 konstaterade jag att det var ca tv\u00e5 timmar tidigare \u00e4n 2023. En Omega 30 hade nu tagit t\u00e4ten och som andra b\u00e5t var Marcus Mollander som arrangerar denna segling. M\u00f6rkret f\u00f6ll fast det inte blir s\u00e5 m\u00f6rkt en vecka f\u00f6re midsommar. De tv\u00e5 f\u00f6rsta b\u00e5tarna tog ett sp\u00e5r l\u00e5ngt ut mot Fager\u00f6n medan jag kryssade p\u00e5 vindskiften i 3,5-6 m\/s n\u00e4ra rumbline. <a href=\"https:\/\/blogg.synology.me\/amerona\/wp-content\/uploads\/Skarmavbild-2024-06-19-kl.-21.34.48-e1718825738840.jpeg\"><img loading=\"lazy\" decoding=\"async\" class=\"alignnone size-full wp-image-22269\" src=\"https:\/\/blogg.synology.me\/amerona\/wp-content\/uploads\/Skarmavbild-2024-06-19-kl.-21.34.48-e1718825738840.jpeg\" alt=\"\" width=\"1200\" height=\"900\" \/><\/a>N\u00e4sta rundning var Rundsk\u00e4r och sedan ner till Tuna holmar. Jag f\u00f6rberedde Code-1 inf\u00f6r halvvinden till Hallstask\u00e4r men den kom aldrig upp f\u00f6r det vart f\u00f6r brant.<\/p>\n<p>Efter Hallsk\u00e4r s\u00e5 k\u00f6rde jag Coden en kort bit innan jag bytte till Spinnaker. Omega 30 var fortfarande f\u00f6rst. Avst\u00e5nd \u00e4r ju sv\u00e5rt att bed\u00f6ma i m\u00f6rker men ibland trodde jag att jag tagit in lite. Markus var nu strax f\u00f6re och skar lite mer p\u00e5 l\u00e4nsen. Vid rundningen av Fager\u00f6n s\u00e5 var jag inte s\u00e5 l\u00e5ngt efter. Men Markus kunde h\u00e5lla en h\u00f6gre kurs med sin spinnaker \u00e4n jag, s\u00e5 ja kom lite efter \u00e4nd\u00e5. Ner mot Vr\u00e5ksundet b\u00f6rjade jag n\u00e4rma mig igen. Jag har bott i sommarhus p\u00e5 Alholmen i 60 \u00e5r s\u00e5 jag t\u00e4nkte att jag skulle ha lite nytta av lokalk\u00e4nnedomen h\u00e4r. Seglade n\u00e4ra Alholmen och fick b\u00e4ttre vind d\u00e5 vi kom i l\u00e4 av Lagn\u00f6. D\u00e4r passerade jag Markus.<\/p>\n<p>N\u00e4r vi kom till D\u00e4vens\u00f6 s\u00e5 avtog vinden. Snopet d\u00e5 vi bara hade en sj\u00f6mil kvar till m\u00e5let vid Norrsundet. Vi str\u00f6k utmed vassen med pinad h\u00f6jd f\u00f6r att slippa sl\u00e5. Omegan l\u00e5g nu parkerad i bleke vid Skeppsbacka 1700m fr\u00e5n m\u00e5l.<\/p>\n<p>Markus och jag fick konstiga vindar mellan 0,3-0,8 m\/s fram till Skeppsbackasundet d\u00e4r SO vinden kom till baks med 1,5 m\/s. M\u00e5lg\u00e5ng vart f\u00f6r mig 04:58:40 som andra b\u00e5t, vilket var sex timmar snabbare \u00e4n f\u00f6rra \u00e5ret.<\/p>\n<p>Efter m\u00e5lg\u00e5ng s\u00e5 skulle vi samlas vid v\u00e5r klubbrygga f\u00f6r regattamiddag och prisutdelning under l\u00f6rdag eftermiddag. Jag svajankrade i viken f\u00f6r att inte v\u00e4cka de b\u00e5tar som l\u00e5g vid bryggan och f\u00f6r att f\u00e5 n\u00e5gra timmars ost\u00f6rd s\u00f6mn.<\/p>\n<p>Vid 12-tiden \u00e5kte jag in till bryggan och det vart eftersnack och after sails. Senare god mat och dryck som Markus ordnat samt prisutdelning.<\/p>\n<h3><a href=\"https:\/\/blogg.synology.me\/amerona\/wp-content\/uploads\/IMG_7823-scaled-e1718826073737.jpg\"><img loading=\"lazy\" decoding=\"async\" class=\"alignnone wp-image-22271 size-large\" src=\"https:\/\/blogg.synology.me\/amerona\/wp-content\/uploads\/IMG_7823-900x1200.jpg\" alt=\"\" width=\"530\" height=\"707\" \/><\/a><\/h3>\n<p>Resultat 2024<\/p>\n<ol>\n<li>Omega 30<\/li>\n<li>First 285<\/li>\n<li>Linjett 35 (jag)<\/li>\n<li>Omega 34<\/li>\n<li>Dehler 29 DNC<\/li>\n<\/ol>\n<h3>Tack Markus f\u00f6r en trevlig segling!<\/h3>\n<p>M\u00e4larrodret: <a href=\"https:\/\/mmsnickare.se\/malarrodret\" target=\"_blank\" rel=\"noopener\">https:\/\/mmsnickare.se\/malarrodret\u00a0<\/a><\/p>\n","protected":false},"excerpt":{"rendered":"<p>s\u00f6ndag Jag seglade M\u00e4larrodret f\u00f6rra \u00e5ret 2023 d\u00e5 det var premi\u00e4r. Det var en trevlig segling men v\u00e4ldigt vindfattig. S\u00e5 var det dags igen och p\u00e5 fredagen startade vi 5 b\u00e5tar med ny startlinje vid H\u00e4sselby Holmes udde, d\u00e4r det finns en enslinje f\u00f6r tisdagsseglingar. Banan var den samma som f\u00f6rra \u00e5ret. M\u00e5lg\u00e5ng flyttad n\u00e5gra hundra meter till tv\u00e4rs gr\u00f6npricken vid Norrsundet. Jag startade 18:16:33 som sista b\u00e5t. De som startat tidigare hade \u00e4nd\u00e5 bara kommit ut p\u00e5 L\u00f6vstafj\u00e4rden. I svag l\u00e4ns segade jag mig ut p\u00e5 Lambarfj\u00e4rden. Efter Lambar\u00f6n kom regn och ocks\u00e5 vind. Det vart spinnaker \u00e4nda till <a class=\"more-link\" href=\"https:\/\/blogg.synology.me\/amerona\/2024\/06\/malarrodret-2024\/\">Forts\u00e4tt l\u00e4sa <span class=\"screen-reader-text\">  M\u00e4larrodret 2024<\/span><span class=\"meta-nav\">&rarr;<\/span><\/a><\/p>\n","protected":false},"author":1,"featured_media":0,"comment_status":"open","ping_status":"open","sticky":false,"template":"","format":"standard","meta":{"_jetpack_memberships_contains_paid_content":false,"footnotes":""},"categories":[36],"tags":[],"class_list":["post-22266","post","type-post","status-publish","format-standard","hentry","category-36"],"jetpack_featured_media_url":"","jetpack_sharing_enabled":true,"_links":{"self":[{"href":"https:\/\/blogg.synology.me\/amerona\/wp-json\/wp\/v2\/posts\/22266","targetHints":{"allow":["GET"]}}],"collection":[{"href":"https:\/\/blogg.synology.me\/amerona\/wp-json\/wp\/v2\/posts"}],"about":[{"href":"https:\/\/blogg.synology.me\/amerona\/wp-json\/wp\/v2\/types\/post"}],"author":[{"embeddable":true,"href":"https:\/\/blogg.synology.me\/amerona\/wp-json\/wp\/v2\/users\/1"}],"replies":[{"embeddable":true,"href":"https:\/\/blogg.synology.me\/amerona\/wp-json\/wp\/v2\/comments?post=22266"}],"version-history":[{"count":3,"href":"https:\/\/blogg.synology.me\/amerona\/wp-json\/wp\/v2\/posts\/22266\/revisions"}],"predecessor-version":[{"id":22273,"href":"https:\/\/blogg.synology.me\/amerona\/wp-json\/wp\/v2\/posts\/22266\/revisions\/22273"}],"wp:attachment":[{"href":"https:\/\/blogg.synology.me\/amerona\/wp-json\/wp\/v2\/media?parent=22266"}],"wp:term":[{"taxonomy":"category","embeddable":true,"href":"https:\/\/blogg.synology.me\/amerona\/wp-json\/wp\/v2\/categories?post=22266"},{"taxonomy":"post_tag","embeddable":true,"href":"https:\/\/blogg.synology.me\/amerona\/wp-json\/wp\/v2\/tags?post=22266"}],"curies":[{"name":"wp","href":"https:\/\/api.w.org\/{rel}","templated":true}]}}