{"id":22594,"date":"2025-03-01T18:44:27","date_gmt":"2025-03-01T17:44:27","guid":{"rendered":"https:\/\/reinas1.synology.me\/amerona\/?p=22594"},"modified":"2025-03-02T18:54:59","modified_gmt":"2025-03-02T17:54:59","slug":"bottenforstarkning","status":"publish","type":"post","link":"https:\/\/blogg.synology.me\/amerona\/2025\/03\/bottenforstarkning\/","title":{"rendered":"Bottenf\u00f6rst\u00e4rkning"},"content":{"rendered":"<h3>l\u00f6rdag<\/h3>\n<p>F\u00f6rra v\u00e5ren, dagen innan sj\u00f6s\u00e4ttning, s\u00e5 uppt\u00e4ckte jag en spricka i botten. Alldeles under mastfoten. Det fanns inte tid att \u00e5tg\u00e4rda d\u00e5 och jag visste inte heller hur l\u00e4nge den funnits d\u00e4r.<br \/>\n<a href=\"https:\/\/blogg.synology.me\/amerona\/wp-content\/uploads\/20240430_173421-scaled-e1740852383140.jpg\"><img loading=\"lazy\" decoding=\"async\" class=\"alignnone wp-image-22596 size-medium\" src=\"https:\/\/blogg.synology.me\/amerona\/wp-content\/uploads\/20240430_173421-450x600.jpg\" alt=\"\" width=\"450\" height=\"600\" \/>\u00a0 <\/a><a href=\"https:\/\/blogg.synology.me\/amerona\/wp-content\/uploads\/20240430_173211-scaled-e1740852412397.jpg\"><img loading=\"lazy\" decoding=\"async\" class=\"alignnone wp-image-22595 size-medium\" src=\"https:\/\/blogg.synology.me\/amerona\/wp-content\/uploads\/20240430_173211-450x600.jpg\" alt=\"\" width=\"450\" height=\"600\" \/><\/a><\/p>\n<p>Efter kontakt med Ros\u00e4ttra och seglarkompisar som haft liknande s\u00e5 vart jag lite lugnare. Ros\u00e4ttra sa: &#8221;Sp\u00e4nn inte riggen f\u00f6r h\u00e5rt i \u00e5r och undvik grov havssj\u00f6. S\u00e5 kan du \u00e5tg\u00e4rda det d\u00e4r till n\u00e4sta \u00e5r&#8221;.<br \/>\nDet var ju lite lungnande. Andra Linjetter har ocks\u00e5 haft s\u00e5 h\u00e4r och det har varit i skarven mellan de tv\u00e5 skrovhalvorna.<\/p>\n<p>Under sommaren s\u00e5 d\u00f6k jag ner med en smal kniv och tryckte in i sprickan. Den var ungef\u00e4r 6mm djup. Vi seglade som vanligt under sommaren och riggen var kanske n\u00e5got l\u00f6sare \u00e4n normalt. Och n\u00e5gon grov havssj\u00f6 har vi inte haft under sommaren.<\/p>\n<p>Jag best\u00e4mde mig f\u00f6r att g\u00f6ra en mindre plastning och se under 2025 om sprickan kommer till baks. D\u00e4rf\u00f6r slipade jag ur ungef\u00e4r 10 cm p\u00e5 varje sida. 1:12 \u00e4r ju ett vanligt m\u00e5tt p\u00e5 urslipning vid reparationer och 12x6mm = 72mm S\u00e5 10 cm \u00e5t varje h\u00e5ll fr\u00e5n mitten borde ju r\u00e4cka.<br \/>\nN\u00e4r jag b\u00f6rjade slipa s\u00e5 s\u00e5g jag att det var spackel i centrumlinjen. Vad jag f\u00f6rst\u00e5tt senare s\u00e5 plastar man ihop skrovhalvorna p\u00e5 insidan och snyggar till med spackel p\u00e5 utsidan.<br \/>\n<a href=\"https:\/\/blogg.synology.me\/amerona\/wp-content\/uploads\/20241030_125103-scaled.jpg\"><img loading=\"lazy\" decoding=\"async\" class=\"alignnone wp-image-22598 size-full\" src=\"https:\/\/blogg.synology.me\/amerona\/wp-content\/uploads\/20241030_125103-scaled-e1740853052217.jpg\" alt=\"\" width=\"900\" height=\"1200\" \/><\/a><\/p>\n<p>Jag fortsatte att slipa ytterligare n\u00e5gra millimeter och d\u00e5 f\u00f6rsvann spacklet. Man kan ana att laminatet ser lite o-m\u00e4ttat ut p\u00e5 ett st\u00e4lle men det finns absolut inga sprickor kvar och p\u00e5 insidan runt mastfoten \u00e4r det helt ok:<br \/>\n<a href=\"https:\/\/blogg.synology.me\/amerona\/wp-content\/uploads\/20241030_125051-scaled-e1740853025908.jpg\"><img loading=\"lazy\" decoding=\"async\" class=\"alignnone size-full wp-image-22597\" src=\"https:\/\/blogg.synology.me\/amerona\/wp-content\/uploads\/20241030_125051-scaled-e1740853025908.jpg\" alt=\"\" width=\"900\" height=\"1200\" \/><\/a><\/p>\n<p>Med n\u00e5got rakt mot botten s\u00e5 ser man ungef\u00e4r hur mycket jag slipat ur. Nu skall botten inte vara helt plan h\u00e4r utan har en viss rundning. Tyv\u00e4rr s\u00e5 missade jag att malla av botten innan jag slipade men jag kunde malla av en annan Linjett 35 senare.<br \/>\n<a href=\"https:\/\/blogg.synology.me\/amerona\/wp-content\/uploads\/20241030_132326-scaled-e1740853173303.jpg\"><img loading=\"lazy\" decoding=\"async\" class=\"alignnone size-full wp-image-22599\" src=\"https:\/\/blogg.synology.me\/amerona\/wp-content\/uploads\/20241030_132326-scaled-e1740853173303.jpg\" alt=\"\" width=\"900\" height=\"1200\" \/><\/a><\/p>\n<p>Jag har k\u00f6pt epoxi och som v\u00e4v valde jag kolfiber. Antagligen helt on\u00f6digt men \u201dalltid retar det n\u00e5gon\u201d. Jag har aldrig anv\u00e4nt kolfiber s\u00e5 jag tyckte det kunde vara kul att testa. Jag hittade kolfiberv\u00e4v p\u00e5 n\u00e4tet fr\u00e5n en firma jag inte sett tidigare. <a href=\"https:\/\/dockyardcomposites.com\/\" target=\"_blank\" rel=\"noopener\">Dock Yard Composites<\/a> i Stockholm Sollentuna. Det var bra pris p\u00e5 200g v\u00e4v p\u00e5 1 m bredd. V\u00e4ven heter <em><span style=\"font-size: 12pt; color: #000000;\">Kolfiberv\u00e4v 200g 2\u00d72 Twill 3K Black Stuff.\u00a0<\/span><\/em><span style=\"font-size: 12pt; color: #000000;\">Priset var vid ink\u00f6p januari -25 269:-\/m<\/span><\/p>\n<p>I v\u00e4ntan p\u00e5 varmare v\u00e4der s\u00e5 f\u00f6rbereder jag med att g\u00f6ra mallar f\u00f6r v\u00e4ven. Jag har gjort s\u00e5 h\u00e4r: I botten tejpar jag dubbelh\u00e4ftande tejp och s\u00e4tter dit byggplast \u00f6ver det urslipade omr\u00e5det. Med en tuschpenna ritar jag p\u00e5 plasten konturen efter ytterkanten p\u00e5 det slipade omr\u00e5det.<br \/>\nD\u00e4refter s\u00e5 l\u00e4gger jag min mall av bottenkonturen tv\u00e4rs l\u00e5ngskeppslinjen. Mellan mallen och botten l\u00e4gger jag en 3mm borr och f\u00f6r ut den till sidan s\u00e5 l\u00e5ngt det g\u00e5r. D\u00e4r borren \u00e4r markerar jag med tuschpennan p\u00e5 plasten. Sedan f\u00f6r jag borren l\u00e4ngst ut \u00e5t andra sidan och markerar p\u00e5 plasten.<br \/>\nD\u00e4refter flyttar jag mallen n\u00e5gon decimeter och upprepar proceduren.<br \/>\n<a href=\"https:\/\/blogg.synology.me\/amerona\/wp-content\/uploads\/IMG_0275.jpeg\"><img loading=\"lazy\" decoding=\"async\" class=\"alignnone size-full wp-image-22604\" src=\"https:\/\/blogg.synology.me\/amerona\/wp-content\/uploads\/IMG_0275.jpeg\" alt=\"\" width=\"1709\" height=\"1209\" srcset=\"https:\/\/blogg.synology.me\/amerona\/wp-content\/uploads\/IMG_0275.jpeg 1709w, https:\/\/blogg.synology.me\/amerona\/wp-content\/uploads\/IMG_0275-600x424.jpeg 600w, https:\/\/blogg.synology.me\/amerona\/wp-content\/uploads\/IMG_0275-1200x849.jpeg 1200w, https:\/\/blogg.synology.me\/amerona\/wp-content\/uploads\/IMG_0275-768x543.jpeg 768w, https:\/\/blogg.synology.me\/amerona\/wp-content\/uploads\/IMG_0275-1536x1087.jpeg 1536w\" sizes=\"auto, (max-width: 1709px) 100vw, 1709px\" \/><\/a><br \/>\nN\u00e4r jag g\u00e5tt hela l\u00e4ngden s\u00e5 f\u00f6rbinder jag alla punkter med en linje och f\u00e5r d\u00e5 som en \u201ddjup-kurva\u201d med djupet 3mm.<br \/>\nSedan upprepar jag det hela med en 4mm borr, en 5mm borr etc.<br \/>\nN\u00e4r jag tar bort plasten s\u00e5 har jag flera \u201ddjup-kurvor\u201d som representerar formen p\u00e5 de kofiberv\u00e4var jag skall klippa till. Jag tror att en millimeter motsvarar 600g matta ungef\u00e4r.<br \/>\nDet betyder att 3 lager av min kolfiberv\u00e4v bygger ca 1mm.<br \/>\nS\u00e5 h\u00e4r ser det ut h\u00e4mtat fr\u00e5n <span style=\"font-size: 15px;\">YouTube kanalen <em>Sailing NV<\/em><br \/>\n<\/span>https:\/\/youtu.be\/CxPaGwgSLsg?si=eJ-8612D2rKuAp94<br \/>\n<a href=\"https:\/\/blogg.synology.me\/amerona\/wp-content\/uploads\/IMG_0276-e1740936380571.jpeg\"><img loading=\"lazy\" decoding=\"async\" class=\"alignnone size-full wp-image-22606\" src=\"https:\/\/blogg.synology.me\/amerona\/wp-content\/uploads\/IMG_0276-e1740936380571.jpeg\" alt=\"\" width=\"1200\" height=\"668\" \/><\/a><\/p>\n<p>Nu kan jag l\u00e4gga upp plasten p\u00e5 ett arbetsbord och klippa till all kolfibermatta.<\/p>\n<p>Forts\u00e4ttning f\u00f6ljer\u2026<\/p>\n","protected":false},"excerpt":{"rendered":"<p>l\u00f6rdag F\u00f6rra v\u00e5ren, dagen innan sj\u00f6s\u00e4ttning, s\u00e5 uppt\u00e4ckte jag en spricka i botten. Alldeles under mastfoten. Det fanns inte tid att \u00e5tg\u00e4rda d\u00e5 och jag visste inte heller hur l\u00e4nge den funnits d\u00e4r. \u00a0 Efter kontakt med Ros\u00e4ttra och seglarkompisar som haft liknande s\u00e5 vart jag lite lugnare. Ros\u00e4ttra sa: &#8221;Sp\u00e4nn inte riggen f\u00f6r h\u00e5rt i \u00e5r och undvik grov havssj\u00f6. S\u00e5 kan du \u00e5tg\u00e4rda det d\u00e4r till n\u00e4sta \u00e5r&#8221;. Det var ju lite lungnande. Andra Linjetter har ocks\u00e5 haft s\u00e5 h\u00e4r och det har varit i skarven mellan de tv\u00e5 skrovhalvorna. Under sommaren s\u00e5 d\u00f6k jag ner med en <a class=\"more-link\" href=\"https:\/\/blogg.synology.me\/amerona\/2025\/03\/bottenforstarkning\/\">Forts\u00e4tt l\u00e4sa <span class=\"screen-reader-text\">  Bottenf\u00f6rst\u00e4rkning<\/span><span class=\"meta-nav\">&rarr;<\/span><\/a><\/p>\n","protected":false},"author":1,"featured_media":0,"comment_status":"open","ping_status":"open","sticky":false,"template":"","format":"standard","meta":{"_jetpack_memberships_contains_paid_content":false,"footnotes":""},"categories":[47,3],"tags":[],"class_list":["post-22594","post","type-post","status-publish","format-standard","hentry","category-47","category-teknik"],"jetpack_featured_media_url":"","jetpack_sharing_enabled":true,"_links":{"self":[{"href":"https:\/\/blogg.synology.me\/amerona\/wp-json\/wp\/v2\/posts\/22594","targetHints":{"allow":["GET"]}}],"collection":[{"href":"https:\/\/blogg.synology.me\/amerona\/wp-json\/wp\/v2\/posts"}],"about":[{"href":"https:\/\/blogg.synology.me\/amerona\/wp-json\/wp\/v2\/types\/post"}],"author":[{"embeddable":true,"href":"https:\/\/blogg.synology.me\/amerona\/wp-json\/wp\/v2\/users\/1"}],"replies":[{"embeddable":true,"href":"https:\/\/blogg.synology.me\/amerona\/wp-json\/wp\/v2\/comments?post=22594"}],"version-history":[{"count":9,"href":"https:\/\/blogg.synology.me\/amerona\/wp-json\/wp\/v2\/posts\/22594\/revisions"}],"predecessor-version":[{"id":22610,"href":"https:\/\/blogg.synology.me\/amerona\/wp-json\/wp\/v2\/posts\/22594\/revisions\/22610"}],"wp:attachment":[{"href":"https:\/\/blogg.synology.me\/amerona\/wp-json\/wp\/v2\/media?parent=22594"}],"wp:term":[{"taxonomy":"category","embeddable":true,"href":"https:\/\/blogg.synology.me\/amerona\/wp-json\/wp\/v2\/categories?post=22594"},{"taxonomy":"post_tag","embeddable":true,"href":"https:\/\/blogg.synology.me\/amerona\/wp-json\/wp\/v2\/tags?post=22594"}],"curies":[{"name":"wp","href":"https:\/\/api.w.org\/{rel}","templated":true}]}}