{"id":22654,"date":"2025-04-15T11:06:21","date_gmt":"2025-04-15T09:06:21","guid":{"rendered":"https:\/\/blogg.synology.me\/amerona\/?p=22654"},"modified":"2025-04-21T11:22:30","modified_gmt":"2025-04-21T09:22:30","slug":"fernissade-durkar","status":"publish","type":"post","link":"https:\/\/blogg.synology.me\/amerona\/2025\/04\/fernissade-durkar\/","title":{"rendered":"Fernissade durkar"},"content":{"rendered":"<h3>tisdag<\/h3>\n<p>Efter att k\u00f6lsvinet vart klart (se tidigare inl\u00e4gg) s\u00e5 var det \u00e4ntligen dags att l\u00e4gga p\u00e5 de ny-lackade durkarna. De har varit hemma en v\u00e4nda i garaget och f\u00e5tt ny fernissa b\u00e5de p\u00e5 \u00f6ver och undersida samt kanter.<\/p>\n<p>Jag b\u00f6rjade med att slipa alla kanter helt tr\u00e4erna. D\u00e4refter lade jag tv\u00e5 lager epoxi p\u00e5 kanterna. Sedan f\u00f6ljde slipning av \u00f6ver och undersida. Det vart inte n\u00e5gon total renskrapning d\u00e5 jag \u00e4r r\u00e4dd f\u00f6r att g\u00e5 igenom faneret p\u00e5 \u00f6versidan. Undersidan slipades inte lika noggrant. Sedan b\u00f6rjade lackning. P\u00e5 \u00f6versidan anv\u00e4nde jag Epifanes Clear Varnish men undersidorna fick en n\u00e5got billigare lack fr\u00e5n Hempels.<br \/>\n<a href=\"https:\/\/blogg.synology.me\/amerona\/wp-content\/uploads\/20250306_134237_IMG_8675-scaled-e1745226801979.jpg\"><img loading=\"lazy\" decoding=\"async\" class=\"alignnone wp-image-22656 size-medium\" src=\"https:\/\/blogg.synology.me\/amerona\/wp-content\/uploads\/20250306_134237_IMG_8675-450x600.jpg\" alt=\"\" width=\"450\" height=\"600\" \/><\/a><\/p>\n<p>Kanter och \u00f6versida tv\u00e5 lager och undersidan ett lager. Jag anv\u00e4nde Biltemas skumgummiroller.<br \/>\n<a href=\"https:\/\/blogg.synology.me\/amerona\/wp-content\/uploads\/20250306_134117_IMG_8674-scaled-e1745226920174.jpg\"><img loading=\"lazy\" decoding=\"async\" class=\"alignnone size-full wp-image-22655\" src=\"https:\/\/blogg.synology.me\/amerona\/wp-content\/uploads\/20250306_134117_IMG_8674-scaled-e1745226920174.jpg\" alt=\"\" width=\"900\" height=\"1200\" \/><\/a><\/p>\n<p>Jag hade gjort ett stort arbetsbord av tv\u00e5 bockar och en 16mm plywood i garaget<br \/>\n<a href=\"https:\/\/blogg.synology.me\/amerona\/wp-content\/uploads\/20250321_142344_IMG_8718-scaled-e1745226978848.jpg\"><img loading=\"lazy\" decoding=\"async\" class=\"alignnone size-full wp-image-22657\" src=\"https:\/\/blogg.synology.me\/amerona\/wp-content\/uploads\/20250321_142344_IMG_8718-scaled-e1745226978848.jpg\" alt=\"\" width=\"900\" height=\"1200\" \/><\/a><\/p>\n<p>\u00d6versidan mellanslipades med 240-papper och torkades med klibbduk mellan lagren. Avslutningsvis slipade jag med 400-papper och str\u00f6k ett sista lager med Epifanes matt fernissa<br \/>\n<a href=\"https:\/\/blogg.synology.me\/amerona\/wp-content\/uploads\/20250403_111658_IMG_8751-scaled-e1745227058334.jpg\"><img loading=\"lazy\" decoding=\"async\" class=\"alignnone size-full wp-image-22658\" src=\"https:\/\/blogg.synology.me\/amerona\/wp-content\/uploads\/20250403_111658_IMG_8751-scaled-e1745227058334.jpg\" alt=\"\" width=\"900\" height=\"1200\" \/><\/a><\/p>\n<p>Innan vi lade alla durkar p\u00e5 plats i b\u00e5ten s\u00e5 lade vi p\u00e5 skyddspapper p\u00e5 alla ytor som vi tar bort senare d\u00e5 vi \u00e4r klara med all v\u00e5rrustning, sj\u00f6s\u00e4ttning och p\u00e5mastning.<br \/>\n<a href=\"https:\/\/blogg.synology.me\/amerona\/wp-content\/uploads\/IMG_7265-scaled-e1745227173858.jpg\"><img loading=\"lazy\" decoding=\"async\" class=\"alignnone size-full wp-image-22659\" src=\"https:\/\/blogg.synology.me\/amerona\/wp-content\/uploads\/IMG_7265-scaled-e1745227173858.jpg\" alt=\"\" width=\"900\" height=\"1200\" \/><\/a><\/p>\n","protected":false},"excerpt":{"rendered":"<p>tisdag Efter att k\u00f6lsvinet vart klart (se tidigare inl\u00e4gg) s\u00e5 var det \u00e4ntligen dags att l\u00e4gga p\u00e5 de ny-lackade durkarna. De har varit hemma en v\u00e4nda i garaget och f\u00e5tt ny fernissa b\u00e5de p\u00e5 \u00f6ver och undersida samt kanter. Jag b\u00f6rjade med att slipa alla kanter helt tr\u00e4erna. D\u00e4refter lade jag tv\u00e5 lager epoxi p\u00e5 kanterna. Sedan f\u00f6ljde slipning av \u00f6ver och undersida. Det vart inte n\u00e5gon total renskrapning d\u00e5 jag \u00e4r r\u00e4dd f\u00f6r att g\u00e5 igenom faneret p\u00e5 \u00f6versidan. Undersidan slipades inte lika noggrant. Sedan b\u00f6rjade lackning. P\u00e5 \u00f6versidan anv\u00e4nde jag Epifanes Clear Varnish men undersidorna fick en n\u00e5got <a class=\"more-link\" href=\"https:\/\/blogg.synology.me\/amerona\/2025\/04\/fernissade-durkar\/\">Forts\u00e4tt l\u00e4sa <span class=\"screen-reader-text\">  Fernissade durkar<\/span><span class=\"meta-nav\">&rarr;<\/span><\/a><\/p>\n","protected":false},"author":1,"featured_media":0,"comment_status":"open","ping_status":"open","sticky":false,"template":"","format":"standard","meta":{"_jetpack_memberships_contains_paid_content":false,"footnotes":""},"categories":[3],"tags":[],"class_list":["post-22654","post","type-post","status-publish","format-standard","hentry","category-teknik"],"jetpack_featured_media_url":"","jetpack_sharing_enabled":true,"_links":{"self":[{"href":"https:\/\/blogg.synology.me\/amerona\/wp-json\/wp\/v2\/posts\/22654","targetHints":{"allow":["GET"]}}],"collection":[{"href":"https:\/\/blogg.synology.me\/amerona\/wp-json\/wp\/v2\/posts"}],"about":[{"href":"https:\/\/blogg.synology.me\/amerona\/wp-json\/wp\/v2\/types\/post"}],"author":[{"embeddable":true,"href":"https:\/\/blogg.synology.me\/amerona\/wp-json\/wp\/v2\/users\/1"}],"replies":[{"embeddable":true,"href":"https:\/\/blogg.synology.me\/amerona\/wp-json\/wp\/v2\/comments?post=22654"}],"version-history":[{"count":3,"href":"https:\/\/blogg.synology.me\/amerona\/wp-json\/wp\/v2\/posts\/22654\/revisions"}],"predecessor-version":[{"id":22662,"href":"https:\/\/blogg.synology.me\/amerona\/wp-json\/wp\/v2\/posts\/22654\/revisions\/22662"}],"wp:attachment":[{"href":"https:\/\/blogg.synology.me\/amerona\/wp-json\/wp\/v2\/media?parent=22654"}],"wp:term":[{"taxonomy":"category","embeddable":true,"href":"https:\/\/blogg.synology.me\/amerona\/wp-json\/wp\/v2\/categories?post=22654"},{"taxonomy":"post_tag","embeddable":true,"href":"https:\/\/blogg.synology.me\/amerona\/wp-json\/wp\/v2\/tags?post=22654"}],"curies":[{"name":"wp","href":"https:\/\/api.w.org\/{rel}","templated":true}]}}