{"id":4343,"date":"2016-07-24T21:51:44","date_gmt":"2016-07-24T19:51:44","guid":{"rendered":"http:\/\/amerona.synology.me\/amerona\/?p=4343"},"modified":"2019-05-11T22:13:58","modified_gmt":"2019-05-11T20:13:58","slug":"vastervik","status":"publish","type":"post","link":"https:\/\/blogg.synology.me\/amerona\/2016\/07\/vastervik\/","title":{"rendered":"V\u00e4stervik"},"content":{"rendered":"<h3>l\u00f6rdag<\/h3>\n<p>I dag\u00a0hade vi fin segling i lagom vind d\u00e5 vi gled runt bland \u00f6arna v\u00e4ster om Ekn\u00f6 och sedan ut i leden s\u00f6der om H\u00e4ndel\u00f6p. Vi avslutade med en fin l\u00e4ns upp till V\u00e4stervik d\u00e4r vi hittar en plats i Wikingarnas g\u00e4sthamn. Som vanligt!<\/p>\n<p>Vi tar en promenad till &#8221;Marinana&#8221; d\u00e4r vi hittar denna skylt.<\/p>\n<p><img loading=\"lazy\" decoding=\"async\" class=\"alignnone size-full wp-image-4344\" src=\"http:\/\/blogg.synology.me\/amerona\/wp-content\/uploads\/IMG_3478.jpg\" alt=\"IMG_3478\" width=\"750\" height=\"1000\" srcset=\"https:\/\/blogg.synology.me\/amerona\/wp-content\/uploads\/IMG_3478.jpg 750w, https:\/\/blogg.synology.me\/amerona\/wp-content\/uploads\/IMG_3478-225x300.jpg 225w\" sizes=\"auto, (max-width: 750px) 100vw, 750px\" \/><\/p>\n<p>Eftersom Ewa skall resa hem med bussen i morgon och jag beh\u00f6ver handla och det \u00e4r l\u00e5ngt till aff\u00e4ren i V\u00e4stervik och jag har ont i kn\u00e4t&#8230;<br \/>\nJag s\u00e4tter mig och best\u00e4ller all mat p\u00e5 Icas webbsida medan Ewa packar sina saker. I morgon 09:30 kommer varorna till hamnen. Ewa blir orolig att vi inte skall hinna till bussen som g\u00e5r 10:50. Luuugnt. Gott om tid&#8230;<\/p>\n<hr \/>\n<h3>s\u00f6ndag<\/h3>\n<p>Efter frukost g\u00e5r vi till Marinan f\u00f6r att h\u00e4mta mina varor. Jag l\u00e5nar en skrinda i b\u00e5tklubben. P\u00e5 pricken 09:30 kommer en tjej med Ica-bilen och har med tre kassar varor. Det \u00e4r bara jag som best\u00e4llt till hamnen i dag.<\/p>\n<p>N\u00f6jd med att slippa g\u00e5 upp till centrum. Alla varor direkt till hamnen.<\/p>\n<p><img loading=\"lazy\" decoding=\"async\" class=\"alignnone wp-image-4345 size-full\" src=\"http:\/\/blogg.synology.me\/amerona\/wp-content\/uploads\/IMG_34811.jpg\" alt=\"IMG_3481(1)\" width=\"750\" height=\"1000\" srcset=\"https:\/\/blogg.synology.me\/amerona\/wp-content\/uploads\/IMG_34811.jpg 750w, https:\/\/blogg.synology.me\/amerona\/wp-content\/uploads\/IMG_34811-225x300.jpg 225w\" sizes=\"auto, (max-width: 750px) 100vw, 750px\" \/><\/p>\n<p>Tillbaka i b\u00e5ten packar Ewa varor medan jag l\u00e4gger loss. Vi tar b\u00e5ten ner till V\u00e4sterviks Marina som numera heter &#8221;Pampas Marina&#8221;. Det \u00e4r n\u00e4rmare till bussterminalen h\u00e4rifr\u00e5n.<\/p>\n<p>Vi l\u00e4gger till vid marinans brygga l\u00e4ngs med. Tv\u00e5 flickor \u00e4r p\u00e5 v\u00e4g ut genom en l\u00e5st grind, men de har nyckel. Bra genv\u00e4g!<\/p>\n<p>N\u00e4r vi kommer en bit p\u00e5 v\u00e4g upp till bussterminalen inser vi att \u00e4ven den stora grinden \u00e4r l\u00e5st p\u00e5 Marinan. Det \u00e4r ju s\u00f6ndag och jag har blivit utel\u00e5st. Det f\u00e5r jag l\u00f6sa senare.<\/p>\n<p>Bussen kommer som den skall och Ewa far hem. Jag \u00e5terv\u00e4nder till b\u00e5ten och har tur att en kille skall ut just som jag vill in.<\/p>\n<p>Jag f\u00e5r fin segling med gennakern upp till L\u00e5ng\u00f6-Tr\u00e4ss\u00f6 d\u00e4r jag svajankrar. Varmt i vinden och varmt i vattnet. Det blir bad hela eftermiddagen.<\/p>\n","protected":false},"excerpt":{"rendered":"<p>l\u00f6rdag I dag\u00a0hade vi fin segling i lagom vind d\u00e5 vi gled runt bland \u00f6arna v\u00e4ster om Ekn\u00f6 och sedan ut i leden s\u00f6der om H\u00e4ndel\u00f6p. Vi avslutade med en fin l\u00e4ns upp till V\u00e4stervik d\u00e4r vi hittar en plats i Wikingarnas g\u00e4sthamn. Som vanligt! Vi tar en promenad till &#8221;Marinana&#8221; d\u00e4r vi hittar denna skylt. Eftersom Ewa skall resa hem med bussen i morgon och jag beh\u00f6ver handla och det \u00e4r l\u00e5ngt till aff\u00e4ren i V\u00e4stervik och jag har ont i kn\u00e4t&#8230; Jag s\u00e4tter mig och best\u00e4ller all mat p\u00e5 Icas webbsida medan Ewa packar sina saker. I morgon <a class=\"more-link\" href=\"https:\/\/blogg.synology.me\/amerona\/2016\/07\/vastervik\/\">Forts\u00e4tt l\u00e4sa <span class=\"screen-reader-text\">  V\u00e4stervik<\/span><span class=\"meta-nav\">&rarr;<\/span><\/a><\/p>\n","protected":false},"author":1,"featured_media":4347,"comment_status":"open","ping_status":"open","sticky":false,"template":"","format":"standard","meta":{"_jetpack_memberships_contains_paid_content":false,"footnotes":""},"categories":[5],"tags":[],"class_list":["post-4343","post","type-post","status-publish","format-standard","has-post-thumbnail","hentry","category-5"],"jetpack_featured_media_url":"https:\/\/blogg.synology.me\/amerona\/wp-content\/uploads\/IMG_3479-e1469564003226.jpg","jetpack_sharing_enabled":true,"_links":{"self":[{"href":"https:\/\/blogg.synology.me\/amerona\/wp-json\/wp\/v2\/posts\/4343","targetHints":{"allow":["GET"]}}],"collection":[{"href":"https:\/\/blogg.synology.me\/amerona\/wp-json\/wp\/v2\/posts"}],"about":[{"href":"https:\/\/blogg.synology.me\/amerona\/wp-json\/wp\/v2\/types\/post"}],"author":[{"embeddable":true,"href":"https:\/\/blogg.synology.me\/amerona\/wp-json\/wp\/v2\/users\/1"}],"replies":[{"embeddable":true,"href":"https:\/\/blogg.synology.me\/amerona\/wp-json\/wp\/v2\/comments?post=4343"}],"version-history":[{"count":3,"href":"https:\/\/blogg.synology.me\/amerona\/wp-json\/wp\/v2\/posts\/4343\/revisions"}],"predecessor-version":[{"id":18055,"href":"https:\/\/blogg.synology.me\/amerona\/wp-json\/wp\/v2\/posts\/4343\/revisions\/18055"}],"wp:featuredmedia":[{"embeddable":true,"href":"https:\/\/blogg.synology.me\/amerona\/wp-json\/wp\/v2\/media\/4347"}],"wp:attachment":[{"href":"https:\/\/blogg.synology.me\/amerona\/wp-json\/wp\/v2\/media?parent=4343"}],"wp:term":[{"taxonomy":"category","embeddable":true,"href":"https:\/\/blogg.synology.me\/amerona\/wp-json\/wp\/v2\/categories?post=4343"},{"taxonomy":"post_tag","embeddable":true,"href":"https:\/\/blogg.synology.me\/amerona\/wp-json\/wp\/v2\/tags?post=4343"}],"curies":[{"name":"wp","href":"https:\/\/api.w.org\/{rel}","templated":true}]}}