{"id":4538,"date":"2017-02-10T19:33:19","date_gmt":"2017-02-10T18:33:19","guid":{"rendered":"http:\/\/amerona.synology.me\/amerona\/?p=4538"},"modified":"2017-03-05T23:07:07","modified_gmt":"2017-03-05T22:07:07","slug":"mast-bom","status":"publish","type":"post","link":"https:\/\/blogg.synology.me\/amerona\/2017\/02\/mast-bom\/","title":{"rendered":"Mast &#038; Bom"},"content":{"rendered":"<h3>.<\/h3>\n<h3>fredag<\/h3>\n<h3>Masten<\/h3>\n<p>F\u00f6rra vintern l\u00e5g Amerona upplagd p\u00e5 Svinninge Marina. Det ingick i k\u00f6pet. Jag gissar att 90% av alla d\u00e4r ligger med masten p\u00e5. s\u00e5 har ocks\u00e5 Amerona legat de flesta \u00e5ren. Vissa \u00e5r har dock masten tagits ner f\u00f6r \u00f6versyn och service.<\/p>\n<p>I \u00e5r var allt som vanligt igen. Amerona togs upp p\u00e5 Kvarnvikens uppl\u00e4ggningsplats och masten togs ner. Det var onekligen bekv\u00e4mt med masten p\u00e5 \u00f6ver vintern men p\u00e5 IRS, som varvsf\u00f6reningen heter, har man inte anammat upptagning med mast. Lite d\u00e5liga markf\u00f6rh\u00e5llanden och kanske lite f\u00f6r sm\u00e5 vagnar men framf\u00f6r allt en kraft och tele-ledning \u00e4r i v\u00e4gen.<\/p>\n<p>Redan i h\u00f6stas uppt\u00e4ckte jag att mastlanternan hade krackelerat och slutade lysa. Detta fick fixas lite okonventionellt d\u00e5 jag var ensam. L\u00e5ng stege som surrades p\u00e5 d\u00e4ck och s\u00e4krades i masten.<\/p>\n<p><img loading=\"lazy\" decoding=\"async\" class=\"alignnone size-full wp-image-4550\" src=\"http:\/\/blogg.synology.me\/amerona\/wp-content\/uploads\/IMG_3596-e1488742370917.jpg\" alt=\"\" width=\"1200\" height=\"1200\" srcset=\"https:\/\/blogg.synology.me\/amerona\/wp-content\/uploads\/IMG_3596-e1488742370917.jpg 1200w, https:\/\/blogg.synology.me\/amerona\/wp-content\/uploads\/IMG_3596-e1488742370917-150x150.jpg 150w, https:\/\/blogg.synology.me\/amerona\/wp-content\/uploads\/IMG_3596-e1488742370917-300x300.jpg 300w, https:\/\/blogg.synology.me\/amerona\/wp-content\/uploads\/IMG_3596-e1488742370917-768x768.jpg 768w, https:\/\/blogg.synology.me\/amerona\/wp-content\/uploads\/IMG_3596-e1488742370917-1024x1024.jpg 1024w\" sizes=\"auto, (max-width: 1200px) 100vw, 1200px\" \/><\/p>\n<p>Efter avmastning visade det sig dessutom att antennkontakten till VHF;en var d\u00e5ligt l\u00f6dd och lossade d\u00e5 man drog lite i den. \u00c4ven antennkabeln till TV-antennen var i d\u00e5ligt skick. Nu var det dags att g\u00e5 igenom masten grundligt. Det blir nog trots allt ett \u00f6kat slitage p\u00e5 grejorna n\u00e4r de f\u00e5r sitta uppe \u00e5ret om. Bara vindm\u00e4taren f\u00e5r ju dubbelt slitage n\u00e4r den sitter uppe och snurrar 365 dagar per \u00e5r.<br \/>\nJag fick en bra hylla i mastskjulet d\u00e4r det vart l\u00e4tt att senare lyfta ut masten p\u00e5 bockar.<\/p>\n<p>S\u00e5 mast-jobben blir f\u00f6ljande:<\/p>\n<ul>\n<li>Ny antennkabel till TV-antennen<\/li>\n<li>Nya kontakter p\u00e5 VHF-kabeln<\/li>\n<li>Nya gl\u00f6dlampor i topplanternorna typ LED (f\u00f6r l\u00e4gre str\u00f6mf\u00f6rbrukning)<\/li>\n<li>Ny d\u00e4cksbelysning med LED<\/li>\n<li>Nya &#8221;plunchar&#8221; till Bom och Kick<\/li>\n<li>Ny kontakt vid mastfoten f\u00f6r att koppla in alla lanternor och d\u00e4ckstr\u00e5lkastaren<\/li>\n<li>Extra fock och stor-fall<\/li>\n<\/ul>\n<h3><\/h3>\n<h3>Bomen<\/h3>\n<p>F\u00e4stbyglarna f\u00f6r Storskot och Kickst\u00e5ng satt l\u00f6st. Nitarna var kvar men satt inte dragna l\u00e4ngre. Bomuthalets \u00f6gla i travaren f\u00f6r uthalat var slitet och kunde g\u00e5 av. S\u00e5 bomen beh\u00f6vde ocks\u00e5 en makeover.<\/p>\n<p>Bom-jobben blir f\u00f6ljande:<\/p>\n<ul>\n<li>Ny inf\u00e4stning av storskots-byglar<\/li>\n<li>Ny inf\u00e4stning av kickf\u00e4ste<\/li>\n<li>\u00c5tg\u00e4rda slitet h\u00e5l f\u00f6r kickst\u00e5ngen<\/li>\n<li>Ny uthalslina<\/li>\n<li>F\u00f6rst\u00e4rkning av profilen<\/li>\n<\/ul>\n","protected":false},"excerpt":{"rendered":"<p>. fredag Masten F\u00f6rra vintern l\u00e5g Amerona upplagd p\u00e5 Svinninge Marina. Det ingick i k\u00f6pet. Jag gissar att 90% av alla d\u00e4r ligger med masten p\u00e5. s\u00e5 har ocks\u00e5 Amerona legat de flesta \u00e5ren. Vissa \u00e5r har dock masten tagits ner f\u00f6r \u00f6versyn och service. I \u00e5r var allt som vanligt igen. Amerona togs upp p\u00e5 Kvarnvikens uppl\u00e4ggningsplats och masten togs ner. Det var onekligen bekv\u00e4mt med masten p\u00e5 \u00f6ver vintern men p\u00e5 IRS, som varvsf\u00f6reningen heter, har man inte anammat upptagning med mast. Lite d\u00e5liga markf\u00f6rh\u00e5llanden och kanske lite f\u00f6r sm\u00e5 vagnar men framf\u00f6r allt en kraft och tele-ledning <a class=\"more-link\" href=\"https:\/\/blogg.synology.me\/amerona\/2017\/02\/mast-bom\/\">Forts\u00e4tt l\u00e4sa <span class=\"screen-reader-text\">  Mast &#038; Bom<\/span><span class=\"meta-nav\">&rarr;<\/span><\/a><\/p>\n","protected":false},"author":1,"featured_media":4545,"comment_status":"open","ping_status":"open","sticky":false,"template":"","format":"standard","meta":{"_jetpack_memberships_contains_paid_content":false,"footnotes":""},"categories":[7,3],"tags":[],"class_list":["post-4538","post","type-post","status-publish","format-standard","has-post-thumbnail","hentry","category-7","category-teknik"],"jetpack_featured_media_url":"https:\/\/blogg.synology.me\/amerona\/wp-content\/uploads\/IMG_2245-e1488741678533.jpg","jetpack_sharing_enabled":true,"_links":{"self":[{"href":"https:\/\/blogg.synology.me\/amerona\/wp-json\/wp\/v2\/posts\/4538","targetHints":{"allow":["GET"]}}],"collection":[{"href":"https:\/\/blogg.synology.me\/amerona\/wp-json\/wp\/v2\/posts"}],"about":[{"href":"https:\/\/blogg.synology.me\/amerona\/wp-json\/wp\/v2\/types\/post"}],"author":[{"embeddable":true,"href":"https:\/\/blogg.synology.me\/amerona\/wp-json\/wp\/v2\/users\/1"}],"replies":[{"embeddable":true,"href":"https:\/\/blogg.synology.me\/amerona\/wp-json\/wp\/v2\/comments?post=4538"}],"version-history":[{"count":19,"href":"https:\/\/blogg.synology.me\/amerona\/wp-json\/wp\/v2\/posts\/4538\/revisions"}],"predecessor-version":[{"id":4588,"href":"https:\/\/blogg.synology.me\/amerona\/wp-json\/wp\/v2\/posts\/4538\/revisions\/4588"}],"wp:featuredmedia":[{"embeddable":true,"href":"https:\/\/blogg.synology.me\/amerona\/wp-json\/wp\/v2\/media\/4545"}],"wp:attachment":[{"href":"https:\/\/blogg.synology.me\/amerona\/wp-json\/wp\/v2\/media?parent=4538"}],"wp:term":[{"taxonomy":"category","embeddable":true,"href":"https:\/\/blogg.synology.me\/amerona\/wp-json\/wp\/v2\/categories?post=4538"},{"taxonomy":"post_tag","embeddable":true,"href":"https:\/\/blogg.synology.me\/amerona\/wp-json\/wp\/v2\/tags?post=4538"}],"curies":[{"name":"wp","href":"https:\/\/api.w.org\/{rel}","templated":true}]}}