{"id":5194,"date":"2018-07-23T17:37:32","date_gmt":"2018-07-23T15:37:32","guid":{"rendered":"http:\/\/amerona.synology.me\/wordpress\/?p=5194"},"modified":"2020-08-10T10:50:31","modified_gmt":"2020-08-10T08:50:31","slug":"5194","status":"publish","type":"post","link":"https:\/\/blogg.synology.me\/amerona\/2018\/07\/5194\/","title":{"rendered":"Oaxen &#8211; Dragets Kanal"},"content":{"rendered":"<h3>m\u00e5ndag &#8211; oturen forts\u00e4tter<\/h3>\n<p>I g\u00e5r kv\u00e4ll bytte vi till baks till det gamla storseglet. I dag n\u00e4r jag har hissat p\u00e5 s\u00e5 sm\u00e4ller det till och storen glider in p\u00e5 domen. Uthalslinan har sl\u00e4ppt inne i bommen eller g\u00e5tt av. Jag tar och knyter i rev-2-linan och seglar vidare. Fin segling ner till Kroksk\u00e4r. N\u00e4r jag f\u00e5r plattl\u00e4ns s\u00e5 ser jag att focken har f\u00e5tt en reva i akterliket. Skall denna semester bara vara otur?<\/p>\n<p>Jag svajankrar f\u00f6re Dragets kanal och f\u00f6rs\u00f6ker laga uttalet. Det \u00e4r nu en stor f\u00f6rdel att jag f\u00f6rra vintern f\u00f6rst\u00e4rkte domen och d\u00e5 jag \u00e5termonterade allt s\u00e5 anv\u00e4nde jag INTE popnitar utan borrade och g\u00e4ngade f\u00f6r \u00e4ndbeslagen. Nu \u00e4r det inte s\u00e5 sv\u00e5rt att skruva i s\u00e4r bommen. Jag b\u00f6rjar med beslaget bak och drar ut den l\u00f6sa \u00e4nden. Hela linan kommer med s\u00e5 den har inte g\u00e5tt av utan lossnat fr\u00e5n blocket som ligger inne i bommen.<\/p>\n<p><img loading=\"lazy\" decoding=\"async\" class=\"alignnone size-full wp-image-5195\" src=\"http:\/\/blogg.synology.me\/amerona\/wp-content\/uploads\/IMG_0187-2.jpg\" alt=\"\" width=\"384\" height=\"512\" srcset=\"https:\/\/blogg.synology.me\/amerona\/wp-content\/uploads\/IMG_0187-2.jpg 384w, https:\/\/blogg.synology.me\/amerona\/wp-content\/uploads\/IMG_0187-2-225x300.jpg 225w\" sizes=\"auto, (max-width: 384px) 100vw, 384px\" \/><\/p>\n<p>D\u00e5 \u00e4r det bara att skruva av fr\u00e4mre \u00e4ndbeslaget ocks\u00e5.<\/p>\n<p><img loading=\"lazy\" decoding=\"async\" class=\"alignnone size-full wp-image-5196\" src=\"http:\/\/blogg.synology.me\/amerona\/wp-content\/uploads\/IMG_0198-1.jpg\" alt=\"\" width=\"384\" height=\"512\" srcset=\"https:\/\/blogg.synology.me\/amerona\/wp-content\/uploads\/IMG_0198-1.jpg 384w, https:\/\/blogg.synology.me\/amerona\/wp-content\/uploads\/IMG_0198-1-225x300.jpg 225w\" sizes=\"auto, (max-width: 384px) 100vw, 384px\" \/><\/p>\n<p>Nu kan jag dra ut taljan och f\u00f6rbereda f\u00f6r en ny lina. Jag har en 6mm spectra som b\u00f6r h\u00e5lla. Jag tejpar p\u00e5 den nya linan p\u00e5 en av revlinorna&#8230;<br \/>\n<img loading=\"lazy\" decoding=\"async\" class=\"alignnone size-full wp-image-5200\" src=\"http:\/\/blogg.synology.me\/amerona\/wp-content\/uploads\/IMG_0190-4.jpg\" alt=\"\" width=\"384\" height=\"512\" srcset=\"https:\/\/blogg.synology.me\/amerona\/wp-content\/uploads\/IMG_0190-4.jpg 384w, https:\/\/blogg.synology.me\/amerona\/wp-content\/uploads\/IMG_0190-4-225x300.jpg 225w\" sizes=\"auto, (max-width: 384px) 100vw, 384px\" \/><\/p>\n<p>&#8230;och drar ut den bak<br \/>\n<img loading=\"lazy\" decoding=\"async\" class=\"alignnone size-full wp-image-5201\" src=\"http:\/\/blogg.synology.me\/amerona\/wp-content\/uploads\/IMG_0192-2.jpg\" alt=\"\" width=\"384\" height=\"512\" srcset=\"https:\/\/blogg.synology.me\/amerona\/wp-content\/uploads\/IMG_0192-2.jpg 384w, https:\/\/blogg.synology.me\/amerona\/wp-content\/uploads\/IMG_0192-2-225x300.jpg 225w\" sizes=\"auto, (max-width: 384px) 100vw, 384px\" \/><\/p>\n<p>Knopar fast fr\u00e4mre \u00e4nden i blocket med en p\u00e5lstek och g\u00f6r \u00e4ven en sydd tagling.<br \/>\n<img loading=\"lazy\" decoding=\"async\" class=\"alignnone size-full wp-image-5202\" src=\"http:\/\/blogg.synology.me\/amerona\/wp-content\/uploads\/IMG_0197-3.jpg\" alt=\"\" width=\"384\" height=\"512\" srcset=\"https:\/\/blogg.synology.me\/amerona\/wp-content\/uploads\/IMG_0197-3.jpg 384w, https:\/\/blogg.synology.me\/amerona\/wp-content\/uploads\/IMG_0197-3-225x300.jpg 225w\" sizes=\"auto, (max-width: 384px) 100vw, 384px\" \/><\/p>\n<p>Sedan \u00e4r det bara att skruva ihop allt igen. Passar p\u00e5 att dra fast f\u00e4stet f\u00f6r spinnbommen som lossnat lite. G\u00e4ngorna f\u00e5r r\u00f6d loch-tite.<br \/>\n<img loading=\"lazy\" decoding=\"async\" class=\"alignnone size-full wp-image-5203\" src=\"http:\/\/blogg.synology.me\/amerona\/wp-content\/uploads\/IMG_0201-3.jpg\" alt=\"\" width=\"384\" height=\"512\" srcset=\"https:\/\/blogg.synology.me\/amerona\/wp-content\/uploads\/IMG_0201-3.jpg 384w, https:\/\/blogg.synology.me\/amerona\/wp-content\/uploads\/IMG_0201-3-225x300.jpg 225w\" sizes=\"auto, (max-width: 384px) 100vw, 384px\" \/><\/p>\n<p>Klart!<br \/>\n<img loading=\"lazy\" decoding=\"async\" class=\"alignnone size-full wp-image-5204\" src=\"http:\/\/blogg.synology.me\/amerona\/wp-content\/uploads\/IMG_0202-3.jpg\" alt=\"\" width=\"512\" height=\"384\" srcset=\"https:\/\/blogg.synology.me\/amerona\/wp-content\/uploads\/IMG_0202-3.jpg 512w, https:\/\/blogg.synology.me\/amerona\/wp-content\/uploads\/IMG_0202-3-300x225.jpg 300w\" sizes=\"auto, (max-width: 512px) 100vw, 512px\" \/><\/p>\n<p>&nbsp;<\/p>\n<p>Efter middagen syr jag en lagningslapp i akterliket p\u00e5 focken. Anledningen till revan \u00e4r att den sl\u00e5r i d\u00e4cksbelysningen i slagen. H\u00e4r finns det utrymme f\u00f6r f\u00f6rb\u00e4ttringar.<br \/>\n<img loading=\"lazy\" decoding=\"async\" class=\"alignnone size-full wp-image-5205\" src=\"http:\/\/blogg.synology.me\/amerona\/wp-content\/uploads\/IMG_0204-3.jpg\" alt=\"\" width=\"512\" height=\"384\" srcset=\"https:\/\/blogg.synology.me\/amerona\/wp-content\/uploads\/IMG_0204-3.jpg 512w, https:\/\/blogg.synology.me\/amerona\/wp-content\/uploads\/IMG_0204-3-300x225.jpg 300w\" sizes=\"auto, (max-width: 512px) 100vw, 512px\" \/><\/p>\n","protected":false},"excerpt":{"rendered":"<p>m\u00e5ndag &#8211; oturen forts\u00e4tter I g\u00e5r kv\u00e4ll bytte vi till baks till det gamla storseglet. I dag n\u00e4r jag har hissat p\u00e5 s\u00e5 sm\u00e4ller det till och storen glider in p\u00e5 domen. Uthalslinan har sl\u00e4ppt inne i bommen eller g\u00e5tt av. Jag tar och knyter i rev-2-linan och seglar vidare. Fin segling ner till Kroksk\u00e4r. N\u00e4r jag f\u00e5r plattl\u00e4ns s\u00e5 ser jag att focken har f\u00e5tt en reva i akterliket. Skall denna semester bara vara otur? Jag svajankrar f\u00f6re Dragets kanal och f\u00f6rs\u00f6ker laga uttalet. Det \u00e4r nu en stor f\u00f6rdel att jag f\u00f6rra vintern f\u00f6rst\u00e4rkte domen och d\u00e5 jag <a class=\"more-link\" href=\"https:\/\/blogg.synology.me\/amerona\/2018\/07\/5194\/\">Forts\u00e4tt l\u00e4sa <span class=\"screen-reader-text\">  Oaxen &#8211; Dragets Kanal<\/span><span class=\"meta-nav\">&rarr;<\/span><\/a><\/p>\n","protected":false},"author":1,"featured_media":0,"comment_status":"open","ping_status":"open","sticky":false,"template":"","format":"standard","meta":{"_jetpack_memberships_contains_paid_content":false,"footnotes":""},"categories":[8,3],"tags":[],"class_list":["post-5194","post","type-post","status-publish","format-standard","hentry","category-8","category-teknik"],"jetpack_featured_media_url":"","jetpack_sharing_enabled":true,"_links":{"self":[{"href":"https:\/\/blogg.synology.me\/amerona\/wp-json\/wp\/v2\/posts\/5194","targetHints":{"allow":["GET"]}}],"collection":[{"href":"https:\/\/blogg.synology.me\/amerona\/wp-json\/wp\/v2\/posts"}],"about":[{"href":"https:\/\/blogg.synology.me\/amerona\/wp-json\/wp\/v2\/types\/post"}],"author":[{"embeddable":true,"href":"https:\/\/blogg.synology.me\/amerona\/wp-json\/wp\/v2\/users\/1"}],"replies":[{"embeddable":true,"href":"https:\/\/blogg.synology.me\/amerona\/wp-json\/wp\/v2\/comments?post=5194"}],"version-history":[{"count":11,"href":"https:\/\/blogg.synology.me\/amerona\/wp-json\/wp\/v2\/posts\/5194\/revisions"}],"predecessor-version":[{"id":19427,"href":"https:\/\/blogg.synology.me\/amerona\/wp-json\/wp\/v2\/posts\/5194\/revisions\/19427"}],"wp:attachment":[{"href":"https:\/\/blogg.synology.me\/amerona\/wp-json\/wp\/v2\/media?parent=5194"}],"wp:term":[{"taxonomy":"category","embeddable":true,"href":"https:\/\/blogg.synology.me\/amerona\/wp-json\/wp\/v2\/categories?post=5194"},{"taxonomy":"post_tag","embeddable":true,"href":"https:\/\/blogg.synology.me\/amerona\/wp-json\/wp\/v2\/tags?post=5194"}],"curies":[{"name":"wp","href":"https:\/\/api.w.org\/{rel}","templated":true}]}}