{"id":1006,"date":"2012-07-06T23:05:23","date_gmt":"2012-07-06T21:05:23","guid":{"rendered":"http:\/\/cavellarb111.wordpress.com\/?p=1006"},"modified":"2021-10-18T21:28:01","modified_gmt":"2021-10-18T19:28:01","slug":"ringso","status":"publish","type":"post","link":"https:\/\/blogg.synology.me\/cavella\/ringso\/","title":{"rendered":"Rings\u00f6"},"content":{"rendered":"<h3>fredag<\/h3>\n<figure id=\"attachment_1007\" aria-describedby=\"caption-attachment-1007\" style=\"width: 236px\" class=\"wp-caption alignright\"><a href=\"https:\/\/blogg.synology.me\/cavella\/wp-content\/uploads\/2021\/10\/dag-22.jpg\"><img loading=\"lazy\" decoding=\"async\" class=\"size-full wp-image-1007\" title=\"Dag-22\" src=\"https:\/\/blogg.synology.me\/cavella\/wp-content\/uploads\/2021\/10\/dag-22.jpg\" alt=\"\" width=\"236\" height=\"207\" \/><\/a><figcaption id=\"caption-attachment-1007\" class=\"wp-caption-text\">Dag-22<\/figcaption><\/figure>\n<p>B\u00f6rjar dagen med sovmorgon. Det regnar.<\/p>\n<p>Vid tio blir det frukost. Sedan st\u00e4dar vi undan och fyller vatten. Vi pratar med Lasse om dagens planer att segla till Rings\u00f6.<\/p>\n<p>Vi l\u00e4gger loss och \u00e5ker bort till macken. Vi tankar helst i dunk f\u00f6r att sedan i lugn och ro fylla \u00f6ver till tanken via h\u00e4vert och en special-tratt som b\u00e5de renar fr\u00e5n partiklar och vatten. Det blir alltid en liten slatt kvar i tratten och den h\u00e4ller vi i en plastflaska. Det \u00e4r i den som vi ser hur mycket smuts och vatten vi sluppit i tanken. Vi har i dag en tom 20l dunk.<\/p>\n<figure id=\"attachment_1008\" aria-describedby=\"caption-attachment-1008\" style=\"width: 593px\" class=\"wp-caption alignright\"><a href=\"https:\/\/blogg.synology.me\/cavella\/wp-content\/uploads\/2021\/10\/dsc_3277.jpg\"><img loading=\"lazy\" decoding=\"async\" class=\"size-full wp-image-1008\" title=\"DSC_3277\" src=\"https:\/\/blogg.synology.me\/cavella\/wp-content\/uploads\/2021\/10\/dsc_3277.jpg\" alt=\"\" width=\"593\" height=\"398\" \/><\/a><figcaption id=\"caption-attachment-1008\" class=\"wp-caption-text\">Vi p\u00e5 v\u00e4g till Tv\u00e4ren. Segelb\u00e5t p\u00e5 tv\u00e4ren i Dragets Kanal efter grundk\u00e4nning.<\/figcaption><\/figure>\n<p>Sedan tuffar vi i v\u00e4g s\u00f6der ut mot Dragets kanal som \u00e4r en fin genv\u00e4g ner mot Landsort. N\u00e4r vi n\u00e4rmar oss kanalen g\u00f6r jag ett allm\u00e4nt anrop p\u00e5 VHF kanal 16 att vi g\u00e5r in i kanalen. Vi ser ingen b\u00e5r s\u00e5 vi b\u00f6rjar g\u00e5 mot inloppet. D\u00e5 m\u00f6ter vi en motorb\u00e5t. Sedan tror vi att det \u00e4r fritt men d\u00e5 kommer det en segelb\u00e5t som vi ser i andra \u00e4nden. Pl\u00f6tsligt blir det ett skrammel och segelb\u00e5ten st\u00e5r bara och skakar. Grundk\u00e4nning. B\u00e5ten hamnar d\u00e4refter p\u00e5 tv\u00e4ren i kanalen. Det g\u00e5r inte att backa loss om man inte ligger l\u00e4ngs med och det blir stora problem f\u00f6r skepparen att \u00f6msom hoppa i land och f\u00f6rs\u00f6ka vrida b\u00e5ten och att f\u00f6rs\u00f6ka backa. Till slut g\u00e5r det.<\/p>\n<figure id=\"attachment_1009\" aria-describedby=\"caption-attachment-1009\" style=\"width: 150px\" class=\"wp-caption alignright\"><a href=\"https:\/\/blogg.synology.me\/cavella\/wp-content\/uploads\/2021\/10\/dsc_3285.jpg\"><img loading=\"lazy\" decoding=\"async\" class=\"size-thumbnail wp-image-1009\" title=\"DSC_3285\" src=\"https:\/\/blogg.synology.me\/cavella\/wp-content\/uploads\/2021\/10\/dsc_3285.jpg?w=150\" alt=\"\" width=\"150\" height=\"100\" \/><\/a><figcaption id=\"caption-attachment-1009\" class=\"wp-caption-text\">Djupet i kanalen \u00e4r 2 meter, d\u00e5 g\u00e5r det inte med djupg\u00e5ende 2,10m<\/figcaption><\/figure>\n<p>Motorb\u00e5ten v\u00e4nder om f\u00f6r att se hur det gick. De var i s\u00e4llskap och han hade varnat seglaren att det var gr\u00e4nsfall med djupg\u00e5endet. 2,10 djupg\u00e5ende och kanalen \u00e4r m\u00e4rkt med 2 meter. Vi kommer i alla fall lyckligt igenom och g\u00e5r ner mot Landsort. Vi hissar p\u00e5 strax innan Kroksk\u00e4r och f\u00e5r en h\u00e4rlig l\u00e4ns bort till Tv\u00e4ren.<\/p>\n<p>Vi passerar det fina S\u00e4vsundet.<\/p>\n<figure id=\"attachment_1012\" aria-describedby=\"caption-attachment-1012\" style=\"width: 300px\" class=\"wp-caption alignright\"><a href=\"https:\/\/blogg.synology.me\/cavella\/wp-content\/uploads\/2021\/10\/dsc_32921.jpg\"><img loading=\"lazy\" decoding=\"async\" class=\"size-medium wp-image-1012\" title=\"DSC_3292\" src=\"https:\/\/blogg.synology.me\/cavella\/wp-content\/uploads\/2021\/10\/dsc_32921.jpg?w=300\" alt=\"\" width=\"300\" height=\"201\" \/><\/a><figcaption id=\"caption-attachment-1012\" class=\"wp-caption-text\">S\u00e4vsundet<\/figcaption><\/figure>\n<p>Rundar Rings\u00f6n och g\u00e5r in i fladen. Ganska m\u00e5nga b\u00e5tar men inte fullt. Vi hittar fin klippa i l\u00e4. Vi \u00e4ter sen lunch och sedan blir det bad. Lasse med bes\u00e4ttning kommer precis n\u00e4r det \u00e4r dags f\u00f6r dopp s\u00e5 vi lotsar in honom f\u00f6rst. Vi s\u00e4tter upp kapellet just innan det kommer regn. Stackars Lasse har just t\u00e4nt grillen. Det blir inte s\u00e5 kraftigt regn men \u00e4nd\u00e5 tr\u00e5kigt. Vi \u00e4ter middag och sl\u00f6ar. Senare lite TV.<\/p>\n<figure id=\"attachment_1010\" aria-describedby=\"caption-attachment-1010\" style=\"width: 300px\" class=\"wp-caption alignright\"><a href=\"https:\/\/blogg.synology.me\/cavella\/wp-content\/uploads\/2021\/10\/dsc_3288.jpg\"><img loading=\"lazy\" decoding=\"async\" class=\"size-medium wp-image-1010\" title=\"DSC_3288\" src=\"https:\/\/blogg.synology.me\/cavella\/wp-content\/uploads\/2021\/10\/dsc_3288.jpg?w=300\" alt=\"\" width=\"300\" height=\"201\" \/><\/a><figcaption id=\"caption-attachment-1010\" class=\"wp-caption-text\">Skepparen sj\u00e4lv passar en saxad genua.<\/figcaption><\/figure>\n","protected":false},"excerpt":{"rendered":"<p>fredag B\u00f6rjar dagen med sovmorgon. Det regnar. Vid tio blir det frukost. Sedan st\u00e4dar vi undan och fyller vatten. Vi pratar med Lasse om dagens planer att segla till Rings\u00f6. Vi l\u00e4gger loss och \u00e5ker bort till macken. Vi tankar <a class=\"more-link\" href=\"https:\/\/blogg.synology.me\/cavella\/ringso\/\">Forts\u00e4tt l\u00e4sa <span class=\"screen-reader-text\">  Rings\u00f6<\/span><span class=\"meta-nav\">&rarr;<\/span><\/a><\/p>\n","protected":false},"author":1,"featured_media":0,"comment_status":"open","ping_status":"open","sticky":false,"template":"","format":"standard","meta":{"footnotes":""},"categories":[3],"tags":[],"class_list":["post-1006","post","type-post","status-publish","format-standard","hentry","category-2012-norr-ut"],"_links":{"self":[{"href":"https:\/\/blogg.synology.me\/cavella\/wp-json\/wp\/v2\/posts\/1006","targetHints":{"allow":["GET"]}}],"collection":[{"href":"https:\/\/blogg.synology.me\/cavella\/wp-json\/wp\/v2\/posts"}],"about":[{"href":"https:\/\/blogg.synology.me\/cavella\/wp-json\/wp\/v2\/types\/post"}],"author":[{"embeddable":true,"href":"https:\/\/blogg.synology.me\/cavella\/wp-json\/wp\/v2\/users\/1"}],"replies":[{"embeddable":true,"href":"https:\/\/blogg.synology.me\/cavella\/wp-json\/wp\/v2\/comments?post=1006"}],"version-history":[{"count":1,"href":"https:\/\/blogg.synology.me\/cavella\/wp-json\/wp\/v2\/posts\/1006\/revisions"}],"predecessor-version":[{"id":6367,"href":"https:\/\/blogg.synology.me\/cavella\/wp-json\/wp\/v2\/posts\/1006\/revisions\/6367"}],"wp:attachment":[{"href":"https:\/\/blogg.synology.me\/cavella\/wp-json\/wp\/v2\/media?parent=1006"}],"wp:term":[{"taxonomy":"category","embeddable":true,"href":"https:\/\/blogg.synology.me\/cavella\/wp-json\/wp\/v2\/categories?post=1006"},{"taxonomy":"post_tag","embeddable":true,"href":"https:\/\/blogg.synology.me\/cavella\/wp-json\/wp\/v2\/tags?post=1006"}],"curies":[{"name":"wp","href":"https:\/\/api.w.org\/{rel}","templated":true}]}}