{"id":863,"date":"2012-06-23T21:02:20","date_gmt":"2012-06-23T19:02:20","guid":{"rendered":"http:\/\/cavellarb111.wordpress.com\/?p=863"},"modified":"2012-06-23T21:02:20","modified_gmt":"2012-06-23T19:02:20","slug":"agon","status":"publish","type":"post","link":"https:\/\/blogg.synology.me\/cavella\/agon\/","title":{"rendered":"Ag\u00f6n"},"content":{"rendered":"<h3>l\u00f6rdag<\/h3>\n<figure id=\"attachment_867\" aria-describedby=\"caption-attachment-867\" style=\"width: 300px\" class=\"wp-caption alignright\"><a href=\"https:\/\/blogg.synology.me\/cavella\/wp-content\/uploads\/2021\/10\/dag-8.jpg\"><img loading=\"lazy\" decoding=\"async\" class=\"size-medium wp-image-867\" title=\"Dag-8\" src=\"https:\/\/blogg.synology.me\/cavella\/wp-content\/uploads\/2021\/10\/dag-8.jpg?w=300\" alt=\"\" width=\"300\" height=\"212\" \/><\/a><figcaption id=\"caption-attachment-867\" class=\"wp-caption-text\">Dag-8<\/figcaption><\/figure>\n<p>Vi seglar i v\u00e4g vid tiotiden. Vinden skall vara NO och vrida till O. N\u00e4r vi kommer ut p\u00e5 havet \u00e4r det rent nordligt s\u00e5 vi b\u00f6rjar med ett babordsslag ut mot havet eftersom det skall vrida. Det \u00e4r gr\u00e5tt och kallt. Vattnet bara 11-12\u00b0 Det \u00e4r gamla v\u00e5gor som hela tiden stoppar upp. Vi f\u00e5r segla l\u00e5gt f\u00f6r att f\u00e5 n\u00e5got driv. Med sj\u00e4lvsl\u00e5ende fock och semesterpackning g\u00e5r det lite tr\u00f6gt. S\u00e4rskilt p\u00e5 havet.<\/p>\n<p>En b\u00e5t i sikte. L\u00e5ngt ut p\u00e5 havet g\u00e5r en segelb\u00e5t med bara storsegel s\u00f6derut. Ja, det \u00e4r inte utan att man l\u00e4ngtar s\u00f6derut. Att s\u00e4tta spinnackern och f\u00e5 segla l\u00e4ns och kanske komma till varmare vatten.<\/p>\n<p>Efter n\u00e5gra timmar sl\u00e5r vi till SB och g\u00e5r in mot kusten igen. Efter n\u00e5gon timme b\u00f6rjar vinden faktiskt vrida. Men bara till NO men det \u00e4r bra s\u00e5. Till slut str\u00e4cker vi upp mot Ag\u00f6n. S\u00f6der \u00f6m \u00f6n \u00e4r ett s\u00e4lskyddsomr\u00e5de som vi g\u00e5r v\u00e4ster om. Vi ser en hel del s\u00e4lar. N\u00e5gra tittar upp framf\u00f6r b\u00e5ten medan andra ligger och br\u00f6lar p\u00e5 klipporna. Vi g\u00e5r upp i viken p\u00e5 sydsidan av Ag\u00f6. Ag\u00f6storhamn d\u00e4r det finns en brygga. Det ligger tre b\u00e5tar som firat midsommar h\u00e4r.<\/p>\n<figure id=\"attachment_865\" aria-describedby=\"caption-attachment-865\" style=\"width: 300px\" class=\"wp-caption alignright\"><a href=\"https:\/\/blogg.synology.me\/cavella\/wp-content\/uploads\/2021\/10\/dsc03555.jpg\"><img loading=\"lazy\" decoding=\"async\" class=\"size-medium wp-image-865\" title=\"DSC03555\" src=\"https:\/\/blogg.synology.me\/cavella\/wp-content\/uploads\/2021\/10\/dsc03555.jpg?w=300\" alt=\"\" width=\"300\" height=\"225\" \/><\/a><figcaption id=\"caption-attachment-865\" class=\"wp-caption-text\">Ag\u00f6 Storhamn<\/figcaption><\/figure>\n<figure id=\"attachment_866\" aria-describedby=\"caption-attachment-866\" style=\"width: 300px\" class=\"wp-caption alignright\"><a href=\"https:\/\/blogg.synology.me\/cavella\/wp-content\/uploads\/2021\/10\/dsc03553.jpg\"><img loading=\"lazy\" decoding=\"async\" class=\"size-medium wp-image-866\" title=\"DSC03553\" src=\"https:\/\/blogg.synology.me\/cavella\/wp-content\/uploads\/2021\/10\/dsc03553.jpg?w=300\" alt=\"\" width=\"300\" height=\"225\" \/><\/a><figcaption id=\"caption-attachment-866\" class=\"wp-caption-text\">Ag\u00f6 By<\/figcaption><\/figure>\n<p>Ewa bakar pizza och vi f\u00e5r en smaskig middag. Sedan tar vi en l\u00e5ngpromenad ner till Ag\u00f6hamn.<\/p>\n<p>Det har brunnit h\u00e4r p\u00e5 \u00f6n 1997 efter blixtnedslag s\u00e5 naturen \u00e4r lite speciell. Efter tv\u00e5 kilometers promenad kommer vi ner till byn d\u00e4r de boende just samlas till midsommardagsfest. Vi fr\u00e5gar om v\u00e4gen till fyren och blir snudd p\u00e5 inbjudna p\u00e5 en drink till en av hus\u00e4garna men vi avb\u00f6jer och tar upp stigen mot fyren.<\/p>\n<p>Efter en bit \u00e4ndrar vi oss p\u00e5 grund av mitt kr\u00e5nglande kn\u00e4 och g\u00e5r i st\u00e4llet en annan v\u00e4g tillbaka till b\u00e5ten. Det blir \u00e4nd\u00e5 en sex kilometers promenad p\u00e5 \u00f6ver en timme. Sk\u00f6nt! Fin och speciell natur.<\/p>\n<p>Vi har lite varmvatten kvar s\u00e5 jag tar en snabb dusch p\u00e5 akterd\u00e4ck. Sk\u00f6nt! Tre nya b\u00e5tar vid bryggan. Tv\u00e5 med finsk flagg och en med svensk. Trevligt att \u00e4ntligen se lite seglare. Det kommer n\u00e5gra regnst\u00e4nk och vinden har v\u00e4nt till sydost. \u00c4nd\u00e5 sk\u00f6nt under kapellet med gamla pod-kaminen p\u00e5.<\/p>\n<p>Skannar om kanalerna p\u00e5 TVn och f\u00e5r in alla tre, Ettan, Tv\u00e5an och Fyran. Ettan har kvartsfinal i fotbolls-EM mellan Spanien och Frankrike.<\/p>\n","protected":false},"excerpt":{"rendered":"<p>l\u00f6rdag Vi seglar i v\u00e4g vid tiotiden. Vinden skall vara NO och vrida till O. N\u00e4r vi kommer ut p\u00e5 havet \u00e4r det rent nordligt s\u00e5 vi b\u00f6rjar med ett babordsslag ut mot havet eftersom det skall vrida. Det \u00e4r <a class=\"more-link\" href=\"https:\/\/blogg.synology.me\/cavella\/agon\/\">Forts\u00e4tt l\u00e4sa <span class=\"screen-reader-text\">  Ag\u00f6n<\/span><span class=\"meta-nav\">&rarr;<\/span><\/a><\/p>\n","protected":false},"author":1,"featured_media":0,"comment_status":"closed","ping_status":"open","sticky":false,"template":"","format":"standard","meta":{"footnotes":""},"categories":[3],"tags":[],"class_list":["post-863","post","type-post","status-publish","format-standard","hentry","category-2012-norr-ut"],"_links":{"self":[{"href":"https:\/\/blogg.synology.me\/cavella\/wp-json\/wp\/v2\/posts\/863","targetHints":{"allow":["GET"]}}],"collection":[{"href":"https:\/\/blogg.synology.me\/cavella\/wp-json\/wp\/v2\/posts"}],"about":[{"href":"https:\/\/blogg.synology.me\/cavella\/wp-json\/wp\/v2\/types\/post"}],"author":[{"embeddable":true,"href":"https:\/\/blogg.synology.me\/cavella\/wp-json\/wp\/v2\/users\/1"}],"replies":[{"embeddable":true,"href":"https:\/\/blogg.synology.me\/cavella\/wp-json\/wp\/v2\/comments?post=863"}],"version-history":[{"count":0,"href":"https:\/\/blogg.synology.me\/cavella\/wp-json\/wp\/v2\/posts\/863\/revisions"}],"wp:attachment":[{"href":"https:\/\/blogg.synology.me\/cavella\/wp-json\/wp\/v2\/media?parent=863"}],"wp:term":[{"taxonomy":"category","embeddable":true,"href":"https:\/\/blogg.synology.me\/cavella\/wp-json\/wp\/v2\/categories?post=863"},{"taxonomy":"post_tag","embeddable":true,"href":"https:\/\/blogg.synology.me\/cavella\/wp-json\/wp\/v2\/tags?post=863"}],"curies":[{"name":"wp","href":"https:\/\/api.w.org\/{rel}","templated":true}]}}