{"id":874,"date":"2012-06-24T22:04:29","date_gmt":"2012-06-24T20:04:29","guid":{"rendered":"http:\/\/cavellarb111.wordpress.com\/?p=874"},"modified":"2012-06-24T22:04:29","modified_gmt":"2012-06-24T20:04:29","slug":"langsegling-med-fin-gang","status":"publish","type":"post","link":"https:\/\/blogg.synology.me\/cavella\/langsegling-med-fin-gang\/","title":{"rendered":"L\u00e5ngsegling med fin g\u00e5ng&#8230;"},"content":{"rendered":"<h3>s\u00f6ndag<\/h3>\n<figure id=\"attachment_873\" aria-describedby=\"caption-attachment-873\" style=\"width: 272px\" class=\"wp-caption alignright\"><a href=\"https:\/\/blogg.synology.me\/cavella\/wp-content\/uploads\/2021\/10\/dag-9.jpg\"><img loading=\"lazy\" decoding=\"async\" class=\"size-medium wp-image-873\" title=\"Dag-9\" src=\"https:\/\/blogg.synology.me\/cavella\/wp-content\/uploads\/2021\/10\/dag-9.jpg?w=272\" alt=\"\" width=\"272\" height=\"300\" \/><\/a><figcaption id=\"caption-attachment-873\" class=\"wp-caption-text\">Dag-9<\/figcaption><\/figure>\n<p>Fin morgon. De finska b\u00e5tarna har redan g\u00e5tt d\u00e5 vi vaknar.<\/p>\n<p>Frukost i sittbrunnen. Vinden SO. Efter frukost byter vi f\u00f6rsegel, fr\u00e5n fock till genua. Den har vi inte anv\u00e4nt i \u00e5r. Det skall bli kul att k\u00e4nna lite drag i l\u00e5dan i dag.<\/p>\n<p>Vi hissar genuan p\u00e5 v\u00e4g ut, faller av utanf\u00f6r viken ut mot havet. D\u00e5 vi rundar udden p\u00e5 Ag\u00f6n ser vi tv\u00e5 b\u00e5tar l\u00e5ngt f\u00f6r\u00f6ver med spinnacker uppe. Det lockar ju s\u00e5 jag g\u00e5r ner och h\u00e4mtar v\u00e5r spinnare. Efter lite trassel med alla linor s\u00e5 kommer den upp. Farten \u00f6kar fr\u00e5n 5 knop till 6,5knop. Det blir ganska brant ca 90<strong>\u00b0 <\/strong>skenbar vinkel. Men det g\u00e5r bra. Sk\u00f6nt med stumma skot i spectra.<\/p>\n<p>Vi knappar in p\u00e5 b\u00e5tarna framf\u00f6r och ser snart att det \u00e4r de tv\u00e5 finska. En Bavaria och en annan. De har ingen stor utan bara gennacker.<\/p>\n<p>Vi faller av lite f\u00f6r att g\u00e5 innanf\u00f6r Kugg\u00f6ren. M\u00e5let i dag \u00e4r Mellanfj\u00e4rden. Vi f\u00e5r gippa ner mellan prickarna. Ute p\u00e5 andra sidan f\u00f6resl\u00e5r jag att vi skall forts\u00e4tta till Galtstr\u00f6m, eftersom vi har s\u00e5 bra segling. Bifalles av Ewa. Vi lovar upp och tar kurs \u00f6ster om J\u00e4ttholmarna. Det blir ganska brant men det g\u00e5r. Farten ligger nu stadigt p\u00e5 7,5 knop. Solen skiner och vinden \u00e4r stabil 6-6,5m\/s<a href=\"https:\/\/blogg.synology.me\/cavella\/wp-content\/uploads\/2021\/10\/img_0957.jpg\"><img loading=\"lazy\" decoding=\"async\" class=\"alignright size-medium wp-image-875\" title=\"IMG_0957\" src=\"https:\/\/blogg.synology.me\/cavella\/wp-content\/uploads\/2021\/10\/img_0957.jpg?w=300\" alt=\"\" width=\"300\" height=\"224\" \/><\/a><\/p>\n<p>Enligt utlagda kurser i plottern s\u00e5 har vi 2:10 till Galtstr\u00f6m. Ankomst 17:40<\/p>\n<p>Vi l\u00e4ser, kollar lite b\u00e5tar i kikaren (i dag ser vi faktiskt flera stycken), tittar p\u00e5 bergen i fj\u00e4rran. Ewa tror hon ser \u00c5reskutan. Jag \u00e4r os\u00e4ker p\u00e5 geografin.<\/p>\n<p>Mot slutet avtar vinden ner till 4 m\/s och vrider lite mer akter ifr\u00e5n.<\/p>\n<p>Vi glider in vid Galtstr\u00f6m vid 17:45 och l\u00e4gger till vid SXK-hamn Lill Lubban med 42M utseglad distans.<br \/>\nEn motorseglare ligger redan h\u00e4r och Ewa f\u00e5r hj\u00e4lp med f\u00f6rtamparna. Vi tittar runt lite innan middagen och uppt\u00e4cker att de har en bastu! Det skall bli sk\u00f6nt efter middagen.<br \/>\nEwa tar disken och jag g\u00e5r och hugger ved och eldar. Vid nittontiden kryper vi in och gottar oss.<\/p>\n<figure id=\"attachment_876\" aria-describedby=\"caption-attachment-876\" style=\"width: 300px\" class=\"wp-caption alignright\"><a href=\"https:\/\/blogg.synology.me\/cavella\/wp-content\/uploads\/2021\/10\/img_0970.jpg\"><img loading=\"lazy\" decoding=\"async\" class=\"size-medium wp-image-876\" title=\"IMG_0970\" src=\"https:\/\/blogg.synology.me\/cavella\/wp-content\/uploads\/2021\/10\/img_0970.jpg?w=300\" alt=\"\" width=\"300\" height=\"224\" \/><\/a><figcaption id=\"caption-attachment-876\" class=\"wp-caption-text\">Bastu p\u00e5 Lill Lubban<\/figcaption><\/figure>\n<p>Jag som sitter och fryser p\u00e5 dagarna tycker det \u00e4r j\u00e4ttesk\u00f6nt. Vi fyller vatten i beh\u00e5llaren p\u00e5 spisen och f\u00e5r till en varm dusch. \u2013\u201dMen man m\u00e5ste ju bada i havet\u201d, tycker jag. S\u00e5 det blir dopp fr\u00e5n bryggan.<\/p>\n<p>Avslutar med en kall \u00f6l p\u00e5 verandan medan en nyanl\u00e4nd b\u00e5r svajankrar i viken. Vacker avslutning p\u00e5 en fin dag.<\/p>\n","protected":false},"excerpt":{"rendered":"<p>s\u00f6ndag Fin morgon. De finska b\u00e5tarna har redan g\u00e5tt d\u00e5 vi vaknar. Frukost i sittbrunnen. Vinden SO. Efter frukost byter vi f\u00f6rsegel, fr\u00e5n fock till genua. Den har vi inte anv\u00e4nt i \u00e5r. Det skall bli kul att k\u00e4nna lite <a class=\"more-link\" href=\"https:\/\/blogg.synology.me\/cavella\/langsegling-med-fin-gang\/\">Forts\u00e4tt l\u00e4sa <span class=\"screen-reader-text\">  L\u00e5ngsegling med fin g\u00e5ng&#8230;<\/span><span class=\"meta-nav\">&rarr;<\/span><\/a><\/p>\n","protected":false},"author":1,"featured_media":0,"comment_status":"closed","ping_status":"open","sticky":false,"template":"","format":"standard","meta":{"footnotes":""},"categories":[3],"tags":[],"class_list":["post-874","post","type-post","status-publish","format-standard","hentry","category-2012-norr-ut"],"_links":{"self":[{"href":"https:\/\/blogg.synology.me\/cavella\/wp-json\/wp\/v2\/posts\/874","targetHints":{"allow":["GET"]}}],"collection":[{"href":"https:\/\/blogg.synology.me\/cavella\/wp-json\/wp\/v2\/posts"}],"about":[{"href":"https:\/\/blogg.synology.me\/cavella\/wp-json\/wp\/v2\/types\/post"}],"author":[{"embeddable":true,"href":"https:\/\/blogg.synology.me\/cavella\/wp-json\/wp\/v2\/users\/1"}],"replies":[{"embeddable":true,"href":"https:\/\/blogg.synology.me\/cavella\/wp-json\/wp\/v2\/comments?post=874"}],"version-history":[{"count":0,"href":"https:\/\/blogg.synology.me\/cavella\/wp-json\/wp\/v2\/posts\/874\/revisions"}],"wp:attachment":[{"href":"https:\/\/blogg.synology.me\/cavella\/wp-json\/wp\/v2\/media?parent=874"}],"wp:term":[{"taxonomy":"category","embeddable":true,"href":"https:\/\/blogg.synology.me\/cavella\/wp-json\/wp\/v2\/categories?post=874"},{"taxonomy":"post_tag","embeddable":true,"href":"https:\/\/blogg.synology.me\/cavella\/wp-json\/wp\/v2\/tags?post=874"}],"curies":[{"name":"wp","href":"https:\/\/api.w.org\/{rel}","templated":true}]}}