{"id":916,"date":"2012-06-27T21:17:04","date_gmt":"2012-06-27T19:17:04","guid":{"rendered":"http:\/\/cavellarb111.wordpress.com\/?p=916"},"modified":"2012-06-27T21:17:04","modified_gmt":"2012-06-27T19:17:04","slug":"mellanfjarden","status":"publish","type":"post","link":"https:\/\/blogg.synology.me\/cavella\/mellanfjarden\/","title":{"rendered":"Mellanfj\u00e4rden"},"content":{"rendered":"<h3>onsdag<\/h3>\n<figure id=\"attachment_939\" aria-describedby=\"caption-attachment-939\" style=\"width: 346px\" class=\"wp-caption alignright\"><a href=\"https:\/\/blogg.synology.me\/cavella\/wp-content\/uploads\/2021\/10\/dag-12.jpg\"><img loading=\"lazy\" decoding=\"async\" class=\"size-full wp-image-939\" title=\"Dag-12\" src=\"https:\/\/blogg.synology.me\/cavella\/wp-content\/uploads\/2021\/10\/dag-12.jpg\" alt=\"\" width=\"346\" height=\"329\" \/><\/a><figcaption id=\"caption-attachment-939\" class=\"wp-caption-text\">Dag-12<\/figcaption><\/figure>\n<p>Dagen b\u00f6rjar med lite v\u00e4xlande molnighet. Vi \u00e4ter frukost och tankar.<\/p>\n<p>15l diesel\u00a0p\u00e5 10 tim = 1,5l\/tim<\/p>\n<p>Det bl\u00e5ser NV s\u00e5 vi r\u00e4knar med sl\u00f6r och halvvind i dag. N\u00e4r vi hissar p\u00e5 utan f\u00f6r hamnen \u00e4r vinden uppe i 12m\/sek.<\/p>\n<p>Vi l\u00e4nsar ner till Vindhem d\u00e4r vi g\u00e5r in i l\u00e4 bakom udden och tar ett rev.<br \/>\nStrax d\u00e4refter mojnar vinden ner till 8m\/sek. Vi tar kurs p\u00e5 L\u00f6rudden och sl\u00e5r efter en stund ut revet.<br \/>\nN\u00e4r vi kommer i sundet vid Br\u00e4m\u00f6rn har vi v\u00e5gorna med oss och 8-9m\/s halvvind. Vi g\u00f6r stundtals 8,5 knop Solen \u00e4r bakom seglen och jag fryser.<br \/>\nTar p\u00e5 Fladen-overallen.<a href=\"https:\/\/blogg.synology.me\/cavella\/wp-content\/uploads\/2021\/10\/dsc_3210.jpg\"><img loading=\"lazy\" decoding=\"async\" class=\"alignright size-full wp-image-920\" title=\"DSC_3210\" src=\"https:\/\/blogg.synology.me\/cavella\/wp-content\/uploads\/2021\/10\/dsc_3210.jpg\" alt=\"\" width=\"593\" height=\"398\" \/><\/a><\/p>\n<p>Efter n\u00e5gra timmars fin segling kommer vi till Mellanfj\u00e4rden. Vi har f\u00f6r ovanlighetens skull sett n\u00e5gra b\u00e5tar g\u00e5 in f\u00f6re oss och n\u00e5gra fler \u00e4r p\u00e5 v\u00e4g.<\/p>\n<p>Vi f\u00f6rt\u00f6jer vid restaurang-bryggan d\u00e4r det redan ligger en Hallberg Rassy 43 och n\u00e5gra till stora b\u00e5tar. Det \u00e4r den eskader fr\u00e5n v\u00e4stkusten f\u00f6rst\u00e5r vi. Fler b\u00e5tar kommer in och lite senare f\u00e5r vi en \u201dhottad\u201d Lady Helmsman bredvid oss. Kolfibermast mm.<\/p>\n<p>Vi tar en kort promenad bl.a till fiskaff\u00e4ren och f\u00f6rser oss f\u00f6r ett par dagar med havets l\u00e4ckerheter. Tar en kn\u00e4ckemacka med stekt inlagd str\u00f6ming och en god-\u00f6l.<\/p>\n<figure id=\"attachment_919\" aria-describedby=\"caption-attachment-919\" style=\"width: 593px\" class=\"wp-caption alignright\"><a href=\"https:\/\/blogg.synology.me\/cavella\/wp-content\/uploads\/2021\/10\/dsc_3209.jpg\"><img loading=\"lazy\" decoding=\"async\" class=\"size-full wp-image-919 \" title=\"DSC_3209\" src=\"https:\/\/blogg.synology.me\/cavella\/wp-content\/uploads\/2021\/10\/dsc_3209.jpg\" alt=\"\" width=\"593\" height=\"398\" \/><\/a><figcaption id=\"caption-attachment-919\" class=\"wp-caption-text\">Mellanfj\u00e4rden<\/figcaption><\/figure>\n<p>Lite senare g\u00e5r vi p\u00e5 restaurangen. Det blir den \u201dstora\u201d r\u00e4kmackan med H\u00f6gakusten-\u00f6l och en GammelNorrland till det. Gott.<\/p>\n<p>Tillbaka i b\u00e5ten pratar vi lite med v\u00e5ra trevliga grannar i Ladyn och sedan ser vi p\u00e5 fotbolls EM, semifinal Spanien \u2013 Portugal.<br \/>\nSpanien vinner efter f\u00f6rl\u00e4ngning och straffar.<\/p>\n<p>God Natt!<\/p>\n","protected":false},"excerpt":{"rendered":"<p>onsdag Dagen b\u00f6rjar med lite v\u00e4xlande molnighet. Vi \u00e4ter frukost och tankar. 15l diesel\u00a0p\u00e5 10 tim = 1,5l\/tim Det bl\u00e5ser NV s\u00e5 vi r\u00e4knar med sl\u00f6r och halvvind i dag. N\u00e4r vi hissar p\u00e5 utan f\u00f6r hamnen \u00e4r vinden uppe <a class=\"more-link\" href=\"https:\/\/blogg.synology.me\/cavella\/mellanfjarden\/\">Forts\u00e4tt l\u00e4sa <span class=\"screen-reader-text\">  Mellanfj\u00e4rden<\/span><span class=\"meta-nav\">&rarr;<\/span><\/a><\/p>\n","protected":false},"author":1,"featured_media":0,"comment_status":"closed","ping_status":"open","sticky":false,"template":"","format":"standard","meta":{"footnotes":""},"categories":[3],"tags":[],"class_list":["post-916","post","type-post","status-publish","format-standard","hentry","category-2012-norr-ut"],"_links":{"self":[{"href":"https:\/\/blogg.synology.me\/cavella\/wp-json\/wp\/v2\/posts\/916","targetHints":{"allow":["GET"]}}],"collection":[{"href":"https:\/\/blogg.synology.me\/cavella\/wp-json\/wp\/v2\/posts"}],"about":[{"href":"https:\/\/blogg.synology.me\/cavella\/wp-json\/wp\/v2\/types\/post"}],"author":[{"embeddable":true,"href":"https:\/\/blogg.synology.me\/cavella\/wp-json\/wp\/v2\/users\/1"}],"replies":[{"embeddable":true,"href":"https:\/\/blogg.synology.me\/cavella\/wp-json\/wp\/v2\/comments?post=916"}],"version-history":[{"count":0,"href":"https:\/\/blogg.synology.me\/cavella\/wp-json\/wp\/v2\/posts\/916\/revisions"}],"wp:attachment":[{"href":"https:\/\/blogg.synology.me\/cavella\/wp-json\/wp\/v2\/media?parent=916"}],"wp:term":[{"taxonomy":"category","embeddable":true,"href":"https:\/\/blogg.synology.me\/cavella\/wp-json\/wp\/v2\/categories?post=916"},{"taxonomy":"post_tag","embeddable":true,"href":"https:\/\/blogg.synology.me\/cavella\/wp-json\/wp\/v2\/tags?post=916"}],"curies":[{"name":"wp","href":"https:\/\/api.w.org\/{rel}","templated":true}]}}