{"id":927,"date":"2012-06-29T22:11:07","date_gmt":"2012-06-29T20:11:07","guid":{"rendered":"http:\/\/cavellarb111.wordpress.com\/?p=927"},"modified":"2012-06-29T22:11:07","modified_gmt":"2012-06-29T20:11:07","slug":"guppig-fard-till-bonan","status":"publish","type":"post","link":"https:\/\/blogg.synology.me\/cavella\/guppig-fard-till-bonan\/","title":{"rendered":"Guppig f\u00e4rd till B\u00f6nan"},"content":{"rendered":"<h3>fredag<\/h3>\n<figure id=\"attachment_930\" aria-describedby=\"caption-attachment-930\" style=\"width: 300px\" class=\"wp-caption alignright\"><a href=\"https:\/\/blogg.synology.me\/cavella\/wp-content\/uploads\/2021\/10\/dsc_3227.jpg\"><img loading=\"lazy\" decoding=\"async\" class=\"size-medium wp-image-930\" title=\"DSC_3227\" src=\"https:\/\/blogg.synology.me\/cavella\/wp-content\/uploads\/2021\/10\/dsc_3227.jpg?w=300\" alt=\"\" width=\"300\" height=\"201\" \/><\/a><figcaption id=\"caption-attachment-930\" class=\"wp-caption-text\">Klockan 03:23<\/figcaption><\/figure>\n<p>Fin morgon med v\u00e4xlande sol.<\/p>\n<p>Det skall bli sydlig vind omkring 6-9 p\u00e5 eftermiddagen.<\/p>\n<p>Vi lossar fr\u00e5n bojen och g\u00e5r den krokiga leden mellan prickarna ut mot Ensk\u00e4r. H\u00e4r \u00e4r en bit med muddrad r\u00e4nna.<\/p>\n<p>Vi funderar p\u00e5 ett rev innan vi hissar p\u00e5 men vinden mojnar till 5 m\/s s\u00e5 det f\u00e5r bli full stor. I g\u00e5r kv\u00e4ll bytte vi genuan till fock.<\/p>\n<p>Vi str\u00e4cker ner p\u00e5 insidan av Storjungfrun. Nere vid Kus\u00f6 Kalv \u00f6kar vinden till 8m\/sek och vi tar ett rev. N\u00e4r vi kommer ut p\u00e5 havet p\u00e5 andra sidan \u00f6ster om Kus\u00f6n, \u00e4r det tv\u00e4rstopp. Vinden \u00e4r bara mellan 3-5 och v\u00e5gorna ligger p\u00e5 rakt in. Vi sl\u00e5r ut revet igen f\u00f6r att f\u00e5 lite driv. Vi sl\u00e5r ut p\u00e5 havet f\u00f6r att inte komma f\u00f6r n\u00e4ra G\u00e5sh\u00e4llans fyr d\u00e4r det grundar upp lite. P\u00e5 styrbordsslaget ut mot havet m\u00f6ter v\u00e5gorna rakt i st\u00e4ven och det \u00e4r stmpigt och gungigt. N\u00e4r vi kan sl\u00e5 till babord g\u00e5r det lite b\u00e4tte men vi kan inte h\u00e5lla h\u00f6jden efter kurslinjen. Vi f\u00e5r sl\u00e5 ut n\u00e5gra g\u00e5nger men sedan vrider vinden lite p\u00e5 Sv och vi kan str\u00e4cka ner till Igg\u00f6n.<\/p>\n<figure id=\"attachment_943\" aria-describedby=\"caption-attachment-943\" style=\"width: 284px\" class=\"wp-caption alignright\"><a href=\"https:\/\/blogg.synology.me\/cavella\/wp-content\/uploads\/2021\/10\/dag-14.jpg\"><img loading=\"lazy\" decoding=\"async\" class=\"size-full wp-image-943\" title=\"Dag-14\" src=\"https:\/\/blogg.synology.me\/cavella\/wp-content\/uploads\/2021\/10\/dag-14.jpg\" alt=\"\" width=\"284\" height=\"417\" \/><\/a><figcaption id=\"caption-attachment-943\" class=\"wp-caption-text\">Dag-14<\/figcaption><\/figure>\n<p>Vinden \u00f6kar till \u00f6ver 9m\/s och vi tar ett rev igen. Nu \u00e4r vi lite vilsna hur l\u00e5ngt det \u00e4r till olika st\u00e4llen. Vi har n\u00e5gra kryssarklubbsbojar inne mot fastlandet efter Igg\u00f6n men n\u00e4r vi sl\u00e5r in\u00e5t s\u00e5 har vi lite \u00f6verh\u00f6jd och tycker det \u00e4r synd att falla av. Vi sitter och undrar: -&#8221;Var kommer alla v\u00e5gor ifr\u00e5n&#8221;? De kommer ju fr\u00e5n alla h\u00e5ll.<\/p>\n<p>Vi best\u00e4mmer att forts\u00e4tta ner till B\u00f6nan eller Gransk\u00e4r. N\u00e4r vi kommer in mot Tr\u00f6djeh\u00e4llan \u00f6kar vinden till \u00f6ver 12m\/s och vi har ingen lust att ta ett rev till dess utom \u00e4r det smalt mellan prickarna, s\u00e5 vi rullar in och statar motorn. Tar ner storen och b\u00f6rjar st\u00e5nga oss mot vinden.<\/p>\n<p>Det g\u00e5r tr\u00f6gt mer till Skr\u00e4ddarh\u00e4llans fyr med tidvis \u00f6ver 13m\/s. Vi kan falla av n\u00e5got ner mot B\u00f6nan och vi f\u00f6rs\u00f6ker hitta information om hur hamnen ser ut och var man kan f\u00f6rt\u00f6ja.<\/p>\n<figure id=\"attachment_932\" aria-describedby=\"caption-attachment-932\" style=\"width: 300px\" class=\"wp-caption alignright\"><a href=\"https:\/\/blogg.synology.me\/cavella\/wp-content\/uploads\/2021\/10\/dsc03567.jpg\"><img loading=\"lazy\" decoding=\"async\" class=\"size-medium wp-image-932\" title=\"DSC03567\" src=\"https:\/\/blogg.synology.me\/cavella\/wp-content\/uploads\/2021\/10\/dsc03567.jpg?w=300\" alt=\"\" width=\"300\" height=\"200\" \/><\/a><figcaption id=\"caption-attachment-932\" class=\"wp-caption-text\">B\u00f6nans allm\u00e4nna brygga<\/figcaption><\/figure>\n<p>Det finns en allm\u00e4n brygga inne i viken d\u00e4r vi till slut f\u00f6rt\u00f6jer med aktern mot vinden. En man kommer ner och bekr\u00e4ftar att det \u00e4r en g\u00e4stbrygga.<\/p>\n<p>Vi \u00e4r j\u00e4tte tr\u00f6tta och har v\u00e4tskebrist s\u00e5 vi b\u00f6rjar med lite f\u00f6rpl\u00e4gnad i ruffen. Ewa r\u00f6star f\u00f6r kyckling till middag s\u00e5 det blir en god wook-panna med curry.<\/p>\n<p>Efter middag och disk tar vi en promenad ut till udden d\u00e4r Sj\u00f6fartsverket har lotsstation och fyrplats.<\/p>\n<figure id=\"attachment_933\" aria-describedby=\"caption-attachment-933\" style=\"width: 200px\" class=\"wp-caption alignright\"><a href=\"https:\/\/blogg.synology.me\/cavella\/wp-content\/uploads\/2021\/10\/dsc03573.jpg\"><img loading=\"lazy\" decoding=\"async\" class=\"size-medium wp-image-933\" title=\"DSC03573\" src=\"https:\/\/blogg.synology.me\/cavella\/wp-content\/uploads\/2021\/10\/dsc03573.jpg?w=200\" alt=\"\" width=\"200\" height=\"300\" \/><\/a><figcaption id=\"caption-attachment-933\" class=\"wp-caption-text\">B\u00f6nans fyrhus<\/figcaption><\/figure>\n<p>Enligt skyltar och anslag skall det finnas ett caf\u00e9 och konsthantverk och \u00e4ven en restaurang h\u00e4r, men allt \u00e4r d\u00f6tt och igenbommat. Det \u00e4r ganska bl\u00e5sigt och gungigt vid bryggan s\u00e5 vi l\u00e4gger loss och g\u00e5r upp i l\u00e4 mot vikens sydsida nedanf\u00f6r n\u00e5gra b\u00e5thus.<\/p>\n<p>Vi ankrar p\u00e5 4m djup i l\u00e4 men gungar g\u00f6r det h\u00e4r ocks\u00e5. Efter 46M p\u00e5 kryss kommer vi snart att vaggas till s\u00f6mns, k\u00e4nns det.<\/p>\n","protected":false},"excerpt":{"rendered":"<p>fredag Fin morgon med v\u00e4xlande sol. Det skall bli sydlig vind omkring 6-9 p\u00e5 eftermiddagen. Vi lossar fr\u00e5n bojen och g\u00e5r den krokiga leden mellan prickarna ut mot Ensk\u00e4r. H\u00e4r \u00e4r en bit med muddrad r\u00e4nna. Vi funderar p\u00e5 ett <a class=\"more-link\" href=\"https:\/\/blogg.synology.me\/cavella\/guppig-fard-till-bonan\/\">Forts\u00e4tt l\u00e4sa <span class=\"screen-reader-text\">  Guppig f\u00e4rd till B\u00f6nan<\/span><span class=\"meta-nav\">&rarr;<\/span><\/a><\/p>\n","protected":false},"author":1,"featured_media":0,"comment_status":"closed","ping_status":"open","sticky":false,"template":"","format":"standard","meta":{"footnotes":""},"categories":[3],"tags":[],"class_list":["post-927","post","type-post","status-publish","format-standard","hentry","category-2012-norr-ut"],"_links":{"self":[{"href":"https:\/\/blogg.synology.me\/cavella\/wp-json\/wp\/v2\/posts\/927","targetHints":{"allow":["GET"]}}],"collection":[{"href":"https:\/\/blogg.synology.me\/cavella\/wp-json\/wp\/v2\/posts"}],"about":[{"href":"https:\/\/blogg.synology.me\/cavella\/wp-json\/wp\/v2\/types\/post"}],"author":[{"embeddable":true,"href":"https:\/\/blogg.synology.me\/cavella\/wp-json\/wp\/v2\/users\/1"}],"replies":[{"embeddable":true,"href":"https:\/\/blogg.synology.me\/cavella\/wp-json\/wp\/v2\/comments?post=927"}],"version-history":[{"count":0,"href":"https:\/\/blogg.synology.me\/cavella\/wp-json\/wp\/v2\/posts\/927\/revisions"}],"wp:attachment":[{"href":"https:\/\/blogg.synology.me\/cavella\/wp-json\/wp\/v2\/media?parent=927"}],"wp:term":[{"taxonomy":"category","embeddable":true,"href":"https:\/\/blogg.synology.me\/cavella\/wp-json\/wp\/v2\/categories?post=927"},{"taxonomy":"post_tag","embeddable":true,"href":"https:\/\/blogg.synology.me\/cavella\/wp-json\/wp\/v2\/tags?post=927"}],"curies":[{"name":"wp","href":"https:\/\/api.w.org\/{rel}","templated":true}]}}