{"id":972,"date":"2012-07-04T19:56:00","date_gmt":"2012-07-04T17:56:00","guid":{"rendered":"https:\/\/cavellarb111.wordpress.com\/?p=972"},"modified":"2012-07-04T19:56:00","modified_gmt":"2012-07-04T17:56:00","slug":"harlig-lans-soder-ut-orno","status":"publish","type":"post","link":"https:\/\/blogg.synology.me\/cavella\/harlig-lans-soder-ut-orno\/","title":{"rendered":"H\u00e4rlig l\u00e4ns s\u00f6der ut. Orn\u00f6."},"content":{"rendered":"<h3>onsdag<\/h3>\n<figure id=\"attachment_975\" aria-describedby=\"caption-attachment-975\" style=\"width: 267px\" class=\"wp-caption alignright\"><a href=\"https:\/\/blogg.synology.me\/cavella\/wp-content\/uploads\/2021\/10\/dag-20.jpg\"><img loading=\"lazy\" decoding=\"async\" class=\"size-full wp-image-975\" title=\"Dag-20\" src=\"https:\/\/blogg.synology.me\/cavella\/wp-content\/uploads\/2021\/10\/dag-20.jpg\" alt=\"\" width=\"267\" height=\"284\" \/><\/a><figcaption id=\"caption-attachment-975\" class=\"wp-caption-text\">Dag-20<\/figcaption><\/figure>\n<p>Nu har sommarn kommit. I g\u00e5r badade jag. 17grader var det d\u00e5. I dag b\u00f6rjar vi med en promenad tv\u00e4rs \u00f6ver Id\u00f6n ner till Finnhamn och tillbaks.<br \/>\n\u00c5ter i b\u00e5ten vart det ett dopp innan frukost. Bj\u00f6rn har best\u00e4mt sig f\u00f6r att ligga kvar medan vi och Lasse g\u00e5r s\u00f6derut. Vinden sp\u00e5s bli NO 5 m\/s.<br \/>\nLasse g\u00e5r lite f\u00f6re. Bj\u00f6rn l\u00e4gger loss \u00e5t oss. Vi g\u00e5r motor ut till farleden dels f\u00f6r att f\u00e5 lite laddning dels f\u00f6r att kylen skall jobba lite.<\/p>\n<p>Det \u00e4r mycket b\u00e5tar ute nu. Vilken skillnad mot Norrlandskusten. Vi sl\u00f6rar ner p\u00e5 M\u00f6ja V\u00e4sterfj\u00e4rd. Ett koppel med b\u00e5tar p\u00e5 v\u00e4g \u00e5t samma h\u00e5ll bara n\u00e5gra kryssar norrut.<\/p>\n<p>Vi ser Lasse i kikaren och han ringer lite senare. Tanken var att g\u00e5 utanf\u00f6r Runmar\u00f6 men nu s\u00e4tter han kursen f\u00f6rbi Stavsn\u00e4s. Det g\u00f6r vi med och tar upp spinnackern.<\/p>\n<p>Farten \u00e4r ungef\u00e4r 5knop men snopet nog f\u00e5r vi skugga i sittbrunnen. Vi ser en b\u00e5t l\u00e5ngt f\u00f6re. Riktigt stor och med kolsvarta segel. Riktigt svarta. Har aldrig sett n\u00e5got liknande.<\/p>\n<figure id=\"attachment_977\" aria-describedby=\"caption-attachment-977\" style=\"width: 593px\" class=\"wp-caption alignright\"><a href=\"https:\/\/blogg.synology.me\/cavella\/wp-content\/uploads\/2021\/10\/img_1020.jpg\"><img loading=\"lazy\" decoding=\"async\" class=\"size-full wp-image-977\" title=\"IMG_1020\" src=\"https:\/\/blogg.synology.me\/cavella\/wp-content\/uploads\/2021\/10\/img_1020.jpg\" alt=\"\" width=\"593\" height=\"793\" \/><\/a><figcaption id=\"caption-attachment-977\" class=\"wp-caption-text\">En hel dag s\u00e5 h\u00e4r&#8230;<\/figcaption><\/figure>\n<p>Vi gippar n\u00e5gra g\u00e5nger ner \u00f6ver N\u00e4mnd\u00f6fj\u00e4rden och Jungfrufj\u00e4rden. Vi har ett tag planer p\u00e5 R\u00e5n\u00f6 som destination men vi kortar av till Koln\u00e4sviken p\u00e5 Orn\u00f6.<\/p>\n<p>Ewa g\u00f6r en h\u00e4rlig Tacos och Lasse glider in strax innan det \u00e4r dags att \u00e4ta. Vi f\u00f6rt\u00f6jer honom p\u00e5 v\u00e5r styrbordssida. Sedan kastar vi oss \u00f6ver maten. K\u00e4nner att kroppen f\u00e5tt mycket sol under dagen.<\/p>\n<figure id=\"attachment_978\" aria-describedby=\"caption-attachment-978\" style=\"width: 300px\" class=\"wp-caption alignright\"><a href=\"https:\/\/blogg.synology.me\/cavella\/wp-content\/uploads\/2021\/10\/img_1027.jpg\"><img loading=\"lazy\" decoding=\"async\" class=\"size-medium wp-image-978\" title=\"IMG_1027\" src=\"https:\/\/blogg.synology.me\/cavella\/wp-content\/uploads\/2021\/10\/img_1027.jpg?w=300\" alt=\"\" width=\"300\" height=\"224\" \/><\/a><figcaption id=\"caption-attachment-978\" class=\"wp-caption-text\">Sommar f\u00f6r bes\u00e4ttningen: Bikini och kaffe&#8230;<\/figcaption><\/figure>\n","protected":false},"excerpt":{"rendered":"<p>onsdag Nu har sommarn kommit. I g\u00e5r badade jag. 17grader var det d\u00e5. I dag b\u00f6rjar vi med en promenad tv\u00e4rs \u00f6ver Id\u00f6n ner till Finnhamn och tillbaks. \u00c5ter i b\u00e5ten vart det ett dopp innan frukost. Bj\u00f6rn har best\u00e4mt <a class=\"more-link\" href=\"https:\/\/blogg.synology.me\/cavella\/harlig-lans-soder-ut-orno\/\">Forts\u00e4tt l\u00e4sa <span class=\"screen-reader-text\">  H\u00e4rlig l\u00e4ns s\u00f6der ut. Orn\u00f6.<\/span><span class=\"meta-nav\">&rarr;<\/span><\/a><\/p>\n","protected":false},"author":1,"featured_media":0,"comment_status":"closed","ping_status":"open","sticky":false,"template":"","format":"standard","meta":{"footnotes":""},"categories":[3],"tags":[],"class_list":["post-972","post","type-post","status-publish","format-standard","hentry","category-2012-norr-ut"],"_links":{"self":[{"href":"https:\/\/blogg.synology.me\/cavella\/wp-json\/wp\/v2\/posts\/972","targetHints":{"allow":["GET"]}}],"collection":[{"href":"https:\/\/blogg.synology.me\/cavella\/wp-json\/wp\/v2\/posts"}],"about":[{"href":"https:\/\/blogg.synology.me\/cavella\/wp-json\/wp\/v2\/types\/post"}],"author":[{"embeddable":true,"href":"https:\/\/blogg.synology.me\/cavella\/wp-json\/wp\/v2\/users\/1"}],"replies":[{"embeddable":true,"href":"https:\/\/blogg.synology.me\/cavella\/wp-json\/wp\/v2\/comments?post=972"}],"version-history":[{"count":0,"href":"https:\/\/blogg.synology.me\/cavella\/wp-json\/wp\/v2\/posts\/972\/revisions"}],"wp:attachment":[{"href":"https:\/\/blogg.synology.me\/cavella\/wp-json\/wp\/v2\/media?parent=972"}],"wp:term":[{"taxonomy":"category","embeddable":true,"href":"https:\/\/blogg.synology.me\/cavella\/wp-json\/wp\/v2\/categories?post=972"},{"taxonomy":"post_tag","embeddable":true,"href":"https:\/\/blogg.synology.me\/cavella\/wp-json\/wp\/v2\/tags?post=972"}],"curies":[{"name":"wp","href":"https:\/\/api.w.org\/{rel}","templated":true}]}}