{"id":995,"date":"2012-07-05T22:33:36","date_gmt":"2012-07-05T20:33:36","guid":{"rendered":"https:\/\/cavellarb111.wordpress.com\/?p=995"},"modified":"2012-07-05T22:33:36","modified_gmt":"2012-07-05T20:33:36","slug":"lans-pa-mysingen","status":"publish","type":"post","link":"https:\/\/blogg.synology.me\/cavella\/lans-pa-mysingen\/","title":{"rendered":"L\u00e4ns p\u00e5 Mysingen"},"content":{"rendered":"<p>torsdag<\/p>\n<figure id=\"attachment_1003\" aria-describedby=\"caption-attachment-1003\" style=\"width: 237px\" class=\"wp-caption alignright\"><a href=\"https:\/\/blogg.synology.me\/cavella\/wp-content\/uploads\/2021\/10\/dag-21.jpg\"><img loading=\"lazy\" decoding=\"async\" class=\"size-full wp-image-1003\" title=\"Dag-21\" src=\"https:\/\/blogg.synology.me\/cavella\/wp-content\/uploads\/2021\/10\/dag-21.jpg\" alt=\"\" width=\"237\" height=\"190\" \/><\/a><figcaption id=\"caption-attachment-1003\" class=\"wp-caption-text\">Dag-21<\/figcaption><\/figure>\n<p>Mulet men varmt. Lasse sticker vid nio medan vi \u00e4ter frukost.<br \/>\nVi avseglar som vanligt klockan tio. Solen tittar fram och det bl\u00e5ser just som de sagt, NO 5-7.<\/p>\n<p>Vi g\u00e5r en bit p\u00e5 bara storen medan jag f\u00f6rbereder spinnackern.<\/p>\n<p>Vi f\u00e5r en h\u00e4rlig l\u00e4ns ner till Nyn\u00e4shamn.<br \/>\nH\u00e4r har man lagt ut nya pontoner som v\u00e5gbrytare. S\u00e4kert ett par hundra meter. Det \u00e4r f\u00f6r 100-\u00e5rs jubileum efter OS-seglingarna 1912.<\/p>\n<p>I \u00e5r anvisar hamnv\u00e4rdarna plats. De m\u00f6ter i gummib\u00e5t och lotsar in. Vi l\u00e4gger oss bredvid Lasse som redan f\u00f6rvarnat.<\/p>\n<p>Efter en snabb lunch med sill och tillbeh\u00f6r blir det dusch med bastu. 160:- i hamnavgift h\u00e4r, f\u00e5r man s\u00e4ga \u00e4r riktigt prisv\u00e4rt. Men b\u00e5ttillbeh\u00f6rsaff\u00e4ren har jangserat kraftigt. Finns knappt n\u00e5got vettigt p\u00e5 hyllorna. En backventil till toaletten fanns i alla fall inte.<\/p>\n<p>Sedan blir det till stan och bunkra. I \u00e5r har vi pirra med s\u00e5 vi slipper sl\u00e4pa.<\/p>\n<p>Kv\u00e4llen avslutas med middag p\u00e5 Freja och d\u00e4refter en bryggvandring.<\/p>\n","protected":false},"excerpt":{"rendered":"<p>torsdag Mulet men varmt. Lasse sticker vid nio medan vi \u00e4ter frukost. Vi avseglar som vanligt klockan tio. Solen tittar fram och det bl\u00e5ser just som de sagt, NO 5-7. Vi g\u00e5r en bit p\u00e5 bara storen medan jag f\u00f6rbereder <a class=\"more-link\" href=\"https:\/\/blogg.synology.me\/cavella\/lans-pa-mysingen\/\">Forts\u00e4tt l\u00e4sa <span class=\"screen-reader-text\">  L\u00e4ns p\u00e5 Mysingen<\/span><span class=\"meta-nav\">&rarr;<\/span><\/a><\/p>\n","protected":false},"author":1,"featured_media":0,"comment_status":"closed","ping_status":"open","sticky":false,"template":"","format":"standard","meta":{"footnotes":""},"categories":[3],"tags":[],"class_list":["post-995","post","type-post","status-publish","format-standard","hentry","category-2012-norr-ut"],"_links":{"self":[{"href":"https:\/\/blogg.synology.me\/cavella\/wp-json\/wp\/v2\/posts\/995","targetHints":{"allow":["GET"]}}],"collection":[{"href":"https:\/\/blogg.synology.me\/cavella\/wp-json\/wp\/v2\/posts"}],"about":[{"href":"https:\/\/blogg.synology.me\/cavella\/wp-json\/wp\/v2\/types\/post"}],"author":[{"embeddable":true,"href":"https:\/\/blogg.synology.me\/cavella\/wp-json\/wp\/v2\/users\/1"}],"replies":[{"embeddable":true,"href":"https:\/\/blogg.synology.me\/cavella\/wp-json\/wp\/v2\/comments?post=995"}],"version-history":[{"count":0,"href":"https:\/\/blogg.synology.me\/cavella\/wp-json\/wp\/v2\/posts\/995\/revisions"}],"wp:attachment":[{"href":"https:\/\/blogg.synology.me\/cavella\/wp-json\/wp\/v2\/media?parent=995"}],"wp:term":[{"taxonomy":"category","embeddable":true,"href":"https:\/\/blogg.synology.me\/cavella\/wp-json\/wp\/v2\/categories?post=995"},{"taxonomy":"post_tag","embeddable":true,"href":"https:\/\/blogg.synology.me\/cavella\/wp-json\/wp\/v2\/tags?post=995"}],"curies":[{"name":"wp","href":"https:\/\/api.w.org\/{rel}","templated":true}]}}